{"id":8231,"date":"2026-03-07T08:00:00","date_gmt":"2026-03-07T07:00:00","guid":{"rendered":"https:\/\/www.iq-lingua.de\/deutsch-lernen\/?p=8231"},"modified":"2026-02-27T13:59:47","modified_gmt":"2026-02-27T12:59:47","slug":"metapher","status":"publish","type":"post","link":"https:\/\/www.iq-lingua.de\/deutsch-lernen\/metapher\/","title":{"rendered":"Metapher im Deutschen"},"content":{"rendered":"\n<p>In diesem Artikel erf\u00e4hrst du alles Wissenswerte zu den Metaphern im Deutschen. Was ist eine Metapher? Wie bestimmte ich eine Metapher? Was ist die Wirkung der Metapher? Und inwiefern unterscheidet sich die Metapher von anderen rhetorischen Stilmitteln wie der Allegorie, Personifikation oder der Metonymie?<\/p>\n\n\n\n<details class=\"wp-block-details is-style-default has-medium-font-size is-layout-flow wp-block-details-is-layout-flow\" style=\"font-style:normal;font-weight:700\" open><summary>Inhaltsverzeichnis<\/summary>\n<p><a href=\"#was-ist-eine-metapher\">Was ist eine Metapher?<br><\/a><a href=\"#wie-erkenne-ich-eine-metapher\">Wie erkenne ich eine Metapher?<\/a><br><a href=\"#was-ist-die-wirkung-einer-metapher\">Was ist die Wirkung der Metapher?<\/a><br><a href=\"#was-ist-der-unterschied-zwischen-metapher-allegorie-personifikation-metonymie\">Was ist der Unterschied zwischen: Metapher, Allegorie, Personifikation und Metonymie?<\/a><br><a href=\"#faq-metapher\">FAQ: H\u00e4ufige Fragen zur Metapher<\/a><a href=\"#antithese-wirkung\"><br><\/a><a href=\"#metapher-zusammenfassung\">Zusammenfassung<\/a><\/p>\n<\/details>\n\n\n\n<h2 class=\"wp-block-heading\" id=\"was-ist-eine-metapher\">Was ist eine Metapher?<\/h2>\n\n\n\n<p>Bei einer <strong>Metapher<\/strong> handelt es sich um ein <strong>sprachliches Bild.<\/strong> Dabei wird <strong>eine Bedeutung von einem Ausgangsbereich in einen Zielbereich \u00fcbertragen.<\/strong> Eine Metapher ist also eine bildliche \u00dcbertragung von einer Bedeutung. Metaphern sind deshalb nicht wortw\u00f6rtlich zu verstehen. Man sagt dazu auch <em>&#8220;im \u00fcbertragenen Sinn&#8221;<\/em> oder<em> &#8220;metaphorisch&#8221;.<\/em><\/p>\n\n\n\n<p>Metaphern k\u00f6nnen in zwei Kategorien eingeteilt werden: Die <strong>kreative Metapher<\/strong> und die <strong>lexikalisierte Metapher. <\/strong><br>Die <strong>kreative Metapher<\/strong> ist die Metapher, die dir auff\u00e4llt. Sie findest du im <strong>allt\u00e4glichen Sprachgebrauch, <\/strong>in der <strong>Politik<\/strong> und auch in den schreibenden K\u00fcnsten wie <strong>Gedichten<\/strong> oder <strong>Literatur<\/strong> als rhetorisches Stilmittel.<br>Die <strong>lexikalisierte Metapher <\/strong>wird auch als <em>konventionelle <\/em>oder <em>tote Metapher<\/em> bezeichnet. Sie hei\u00dft so, weil es sich um W\u00f6rter handelt, die so stark im Sprachgebrauch etabliert wurden, dass sie nicht mehr als Metaphern erkannt werden <em>(z.B. Tischbein, Wolkenkratzer, Lebensabend)<\/em>.<\/p>\n\n\n\n<p><strong>Weitere Beispiele f\u00fcr kreative Metaphern:<\/strong><\/p>\n\n\n\n<ul class=\"wp-block-list\">\n<li><em>Sie ist <mark style=\"background-color:rgba(0, 0, 0, 0)\" class=\"has-inline-color has-custom-hellblau-color\">eine L\u00f6win<\/mark>.<\/em><\/li>\n\n\n\n<li><em>Du bist wie <mark style=\"background-color:rgba(0, 0, 0, 0)\" class=\"has-inline-color has-custom-hellblau-color\">ein Fels in der Brandung<\/mark>.<\/em><\/li>\n\n\n\n<li><em>Mir ist <mark style=\"background-color:rgba(0, 0, 0, 0)\" class=\"has-inline-color has-custom-hellblau-color\">ein Stein vom Herzen gefallen<\/mark>.<\/em><\/li>\n\n\n\n<li><em>das <mark style=\"background-color:rgba(0, 0, 0, 0)\" class=\"has-inline-color has-custom-hellblau-color\">Lichtermeer<\/mark><\/em><\/li>\n\n\n\n<li><em><mark style=\"background-color:rgba(0, 0, 0, 0)\" class=\"has-inline-color has-custom-hellblau-color\">den Nagel auf den Kopf treffen<\/mark><\/em><\/li>\n<\/ul>\n\n\n\n<p><em><strong>Wie funktioniert die Metapher?<\/strong><\/em><\/p>\n\n\n\n<p>Folgender Satz beinhaltet eine Metapher: <strong><em>Sie ist <mark style=\"background-color:rgba(0, 0, 0, 0)\" class=\"has-inline-color has-custom-hellblau-color\">eine L\u00f6win<\/mark>.<\/em><\/strong> Hier wird gesagt, dass eine Frau eine L\u00f6win ist. Verstehst du den Satz jetzt wortw\u00f6rtlich, macht das nat\u00fcrlich wenig Sinn. Denn eine Frau ist ein Mensch und ein L\u00f6we ist ein Tier und das ist nicht dasselbe. Gemeint ist hier: Die Frau ist so stark wie eine L\u00f6win. Das bedeutet, dem Tier &#8220;die L\u00f6win&#8221; werden bestimmte Eigenschaften zugeschrieben und indem die Frau damit gleichgesetzt wird, werden diese Eigenschaften des Tieres auf die Frau \u00fcbertragen. <\/p>\n\n\n\n<p><strong>Wichtig:<\/strong> Falls eine Tier-Dokumentation l\u00e4uft oder der Kontext eindeutig hergibt, dass von einer tats\u00e4chlichen L\u00f6win gesprochen wird, beinhaltet der Satz nat\u00fcrlich keine Metapher und ist wortw\u00f6rtlich zu verstehen. Der Kontext ist also wichtig.<\/p>\n\n\n\n<hr class=\"wp-block-separator has-alpha-channel-opacity is-style-wide\" id=\"newsletter\"\/>\n\n\n\n<div class=\"wp-block-columns is-layout-flex wp-container-core-columns-is-layout-ec2e7a44 wp-block-columns-is-layout-flex\" style=\"padding-top:0;padding-bottom:0\">\n<div class=\"wp-block-column is-layout-flow wp-block-column-is-layout-flow\">\n<figure class=\"wp-block-image aligncenter size-full is-resized is-style-rounded wp-duotone-unset-2 is-style-rounded--1\"><img loading=\"lazy\" decoding=\"async\" width=\"655\" height=\"491\" src=\"https:\/\/www.iq-lingua.de\/deutsch-lernen\/wp-content\/uploads\/2025\/12\/deutsch-lernen-iq-lingua-edited.jpeg\" alt=\"\" class=\"wp-image-7293\" style=\"width:400px\" srcset=\"https:\/\/www.iq-lingua.de\/deutsch-lernen\/wp-content\/uploads\/2025\/12\/deutsch-lernen-iq-lingua-edited.jpeg 655w, https:\/\/www.iq-lingua.de\/deutsch-lernen\/wp-content\/uploads\/2025\/12\/deutsch-lernen-iq-lingua-edited-300x225.jpeg 300w\" sizes=\"auto, (max-width: 655px) 100vw, 655px\" \/><\/figure>\n<\/div>\n\n\n\n<div class=\"wp-block-column is-layout-flow wp-block-column-is-layout-flow\" style=\"padding-top:0;padding-bottom:0\">\n<h3 class=\"wp-block-heading\" style=\"margin-top:0;margin-bottom:0;padding-top:0;padding-bottom:0\">Gratis Deutsch-Lernplan!<\/h3>\n\n\n\n<p>Jetzt zum Newsletter anmelden und <strong>7 Wochen<\/strong> lang <strong>kostenlose Deutsch-Lerninhalte<\/strong>, \u00dcbungen und Tipps&nbsp;erhalten.<\/p>\n\n\n<style id=\"wpforms-css-vars-7209\">\n\t\t\t\t#wpforms-7209 {\n\t\t\t\t--wpforms-field-border-radius: 6px;\n--wpforms-field-border-color: #cccccc;\n--wpforms-field-border-color-spare: #cccccc;\n--wpforms-field-text-color: #000;\n--wpforms-button-border-radius: 10px;\n--wpforms-button-background-color: #de2727;\n--wpforms-container-padding: 0px;\n--wpforms-container-border-width: 1px;\n--wpforms-container-border-radius: 3px;\n--wpforms-background-color: rgba(0, 0, 0, 0);\n--wpforms-field-size-input-height: 31px;\n--wpforms-field-size-input-spacing: 10px;\n--wpforms-field-size-font-size: 14px;\n--wpforms-field-size-line-height: 17px;\n--wpforms-field-size-padding-h: 9px;\n--wpforms-field-size-checkbox-size: 14px;\n--wpforms-field-size-sublabel-spacing: 5px;\n--wpforms-field-size-icon-size: 0.75;\n--wpforms-label-size-font-size: 16px;\n--wpforms-label-size-line-height: 19px;\n--wpforms-label-size-sublabel-font-size: 14px;\n--wpforms-label-size-sublabel-line-height: 17px;\n--wpforms-button-size-font-size: 17px;\n--wpforms-button-size-height: 41px;\n--wpforms-button-size-padding-h: 15px;\n--wpforms-button-size-margin-top: 10px;\n--wpforms-container-shadow-size-box-shadow: none;\n\t\t\t}\n\t\t\t<\/style><div class=\"wpforms-container wpforms-container-full wpforms-render-modern\" id=\"wpforms-7209\"><form id=\"wpforms-form-7209\" class=\"wpforms-validate wpforms-form wpforms-ajax-form\" data-formid=\"7209\" method=\"post\" enctype=\"multipart\/form-data\" action=\"\/deutsch-lernen\/wp-json\/wp\/v2\/posts\/8231\" data-token=\"07df8d8455b1418189fc49fb7650c891\" data-token-time=\"1777238420\"><noscript class=\"wpforms-error-noscript\">Please enable JavaScript in your browser to complete this form.<\/noscript><div id=\"wpforms-error-noscript\" style=\"display: none;\">Please enable JavaScript in your browser to complete this form.<\/div><div class=\"wpforms-field-container\">\t\t<div id=\"wpforms-7209-field_3-container\"\n\t\t\tclass=\"wpforms-field wpforms-field-text\"\n\t\t\tdata-field-type=\"text\"\n\t\t\tdata-field-id=\"3\"\n\t\t\t>\n\t\t\t<label class=\"wpforms-field-label\" for=\"wpforms-7209-field_3\" >Deine Dein E-Mail<\/label>\n\t\t\t<input type=\"text\" id=\"wpforms-7209-field_3\" class=\"wpforms-field-medium\" name=\"wpforms[fields][3]\" >\n\t\t<\/div>\n\t\t<div id=\"wpforms-7209-field_1-container\" class=\"wpforms-field wpforms-field-name\" data-field-id=\"1\"><label class=\"wpforms-field-label\" for=\"wpforms-7209-field_1\">Dein Name <span class=\"wpforms-required-label\" aria-hidden=\"true\">*<\/span><\/label><input type=\"text\" id=\"wpforms-7209-field_1\" class=\"wpforms-field-medium wpforms-field-required\" name=\"wpforms[fields][1]\" aria-errormessage=\"wpforms-7209-field_1-error\" required><\/div><div id=\"wpforms-7209-field_2-container\" class=\"wpforms-field wpforms-field-email\" data-field-id=\"2\"><label class=\"wpforms-field-label\" for=\"wpforms-7209-field_2\">Deine E-Mail <span class=\"wpforms-required-label\" aria-hidden=\"true\">*<\/span><\/label><input type=\"email\" id=\"wpforms-7209-field_2\" class=\"wpforms-field-medium wpforms-field-required\" name=\"wpforms[fields][2]\" spellcheck=\"false\" aria-errormessage=\"wpforms-7209-field_2-error\" required><\/div><script>\n\t\t\t\t( function() {\n\t\t\t\t\tconst style = document.createElement( 'style' );\n\t\t\t\t\tstyle.appendChild( document.createTextNode( '#wpforms-92-field_4-container,#wpforms-7209-field_3-container { position: absolute !important; overflow: hidden !important; display: inline !important; height: 1px !important; width: 1px !important; z-index: -1000 !important; padding: 0 !important; } #wpforms-92-field_4-container,#wpforms-7209-field_3-container input { visibility: hidden; } #wpforms-conversational-form-page #wpforms-92-field_4-container,#wpforms-7209-field_3-container label { counter-increment: none; }' ) );\n\t\t\t\t\tdocument.head.appendChild( style );\n\t\t\t\t\tdocument.currentScript?.remove();\n\t\t\t\t} )();\n\t\t\t<\/script><\/div><!-- .wpforms-field-container --><div class=\"wpforms-submit-container\" ><input type=\"hidden\" name=\"wpforms[id]\" value=\"7209\"><input type=\"hidden\" name=\"page_title\" value=\"\"><input type=\"hidden\" name=\"page_url\" value=\"https:\/\/www.iq-lingua.de\/deutsch-lernen\/wp-json\/wp\/v2\/posts\/8231\"><input type=\"hidden\" name=\"url_referer\" value=\"\"><button type=\"submit\" name=\"wpforms[submit]\" id=\"wpforms-submit-7209\" class=\"wpforms-submit\" data-alt-text=\"Senden...\" data-submit-text=\"Newsletter abonnieren\" aria-live=\"assertive\" value=\"wpforms-submit\">Newsletter abonnieren<\/button><img loading=\"lazy\" decoding=\"async\" src=\"https:\/\/www.iq-lingua.de\/deutsch-lernen\/wp-content\/plugins\/wpforms-lite\/assets\/images\/submit-spin.svg\" class=\"wpforms-submit-spinner\" style=\"display: none;\" width=\"26\" height=\"26\" alt=\"Loading\"><\/div><\/form><\/div>  <!-- .wpforms-container -->\n<\/div>\n<\/div>\n\n\n\n<hr class=\"wp-block-separator has-alpha-channel-opacity is-style-wide\"\/>\n\n\n\n<h2 class=\"wp-block-heading\" id=\"wie-erkenne-ich-eine-metapher\">Wie erkenne ich eine Metapher?<\/h2>\n\n\n\n<p>Eine Metapher zu erkennen, ist deutlich leichter als <a href=\"https:\/\/www.iq-lingua.de\/deutsch-lernen\/ironie\/\" type=\"post\" id=\"7062\">Ironie<\/a> oder ein <a href=\"https:\/\/www.iq-lingua.de\/deutsch-lernen\/paradoxon\/\" type=\"post\" id=\"7340\">Paradoxon<\/a> zu bestimmen. iQ Lingua m\u00f6chte dir aber nat\u00fcrlich trotzdem behilflich sein und dir ein paar Tipps daf\u00fcr geben:<\/p>\n\n\n\n<details class=\"wp-block-details\" open><summary><strong><mark style=\"background-color:rgba(0, 0, 0, 0)\" class=\"has-inline-color has-custom-red-color is-layout-flow wp-block-details-is-layout-flow\">1.<\/mark> Der Satz bzw. die Aussage enth\u00e4lt ein sprachliches Bild.<\/strong><\/summary>\n<p>Bei der Metapher geht es um sprachliche Bilder. Entsteht leicht ein sprachliches Bild bei dir im Kopf, kann das ein Hinweis auf eine Metapher sein.<\/p>\n<\/details>\n\n\n\n<details class=\"wp-block-details\"><summary><strong><mark style=\"background-color:rgba(0, 0, 0, 0)\" class=\"has-inline-color has-custom-red-color is-layout-flow wp-block-details-is-layout-flow\">2. <\/mark>Wenn du den Satz bzw. die Aussage wortw\u00f6rtlich nehmen w\u00fcrdest, w\u00fcrde es keinen Sinn machen.<\/strong><\/summary>\n<p>Wenn du die sprachlichen Bilder versuchst wortw\u00f6rtlich zu verstehen, machen sie keinen Sinn. Das h\u00e4ngt damit zusammen, dass Metaphern im \u00fcbertragenen Sinn zu verstehen sind.<\/p>\n<\/details>\n\n\n\n<details class=\"wp-block-details\"><summary><strong><mark style=\"background-color:rgba(0, 0, 0, 0)\" class=\"has-inline-color has-custom-red-color is-layout-flow wp-block-details-is-layout-flow\">3.<\/mark> Der Satz bzw. die Aussage erinnert dich an einen Vergleich.<\/strong><\/summary>\n<p>Bei Metaphern werden in der Regel Dinge verglichen. Dabei muss nicht unbedingt ein Vergleich mit <a href=\"https:\/\/www.iq-lingua.de\/deutsch-lernen\/partikel\/#vergleichspartikeln\">Vergleichspartikeln<\/a> formuliert werden. Durch die bildliche \u00dcbertragung der Bedeutung entsteht auch ein Vergleich.<\/p>\n<\/details>\n\n\n\n<h2 class=\"wp-block-heading\" id=\"was-ist-die-wirkung-einer-metapher\">Was ist die Wirkung der Metapher?<\/h2>\n\n\n\n<ul class=\"wp-block-list\">\n<li>Die Metapher kann als sprachliches Bild <strong>Sachverhalte vereinfachen und verst\u00e4ndlicher machen. <\/strong>Sie kann also dabei helfen, Dinge besser zu erkl\u00e4ren und besser zu verstehen.<\/li>\n\n\n\n<li>Die Metapher eignet sich sprachlich gesehen generell sehr gut daf\u00fcr, um <strong>Themen mit zus\u00e4tzlicher Bedeutung anzureichern. <\/strong>Vor allem politisch findest du in bestimmten Themenbereichen deshalb oft bestimmte Metaphern. Zum Beispiel wird in der Regel im Gefl\u00fcchtetendiskurs in Wasser-Metaphern gesprochen: <em>Fl\u00fcchtlingswelle, Fl\u00fcchtlingsstr\u00f6me, \u00fcberfluten, abebben, \u00fcberschwemmen, etc.<\/em> Das kann beispielsweise bewirken, dass Menschen, die nach Deutschland einwandern, als Gefahr angesehen werden. <strong>Die Metapher kann deshalb auch bestimmte Emotionen verst\u00e4rken, <\/strong>die mit diesen sprachlichen Bildern in Verbindung gebracht werden und <strong>Meinungen damit beeinflussen.<\/strong><\/li>\n\n\n\n<li><strong>Metaphern k\u00f6nnen in Literatur und Gedichten eine \u00e4sthetische Wirkung haben.<\/strong> Sprache kann poetischer klingen oder auch sch\u00f6ner, wenn in bestimmten sprachlichen Bildern gesprochen wird.<\/li>\n<\/ul>\n\n\n\n<h2 class=\"wp-block-heading\" id=\"was-ist-der-unterschied-zwischen-metapher-allegorie-personifikation-metonymie\">Was ist der Unterschied zwischen: Metapher, Allegorie, Personifikation und Metonymie?<\/h2>\n\n\n\n<div class=\"wp-block-columns is-layout-flex wp-container-core-columns-is-layout-28f84493 wp-block-columns-is-layout-flex\">\n<div class=\"wp-block-column is-layout-flow wp-block-column-is-layout-flow\">\n<p><strong>Metapher<\/strong><\/p>\n\n\n\n<ul class=\"wp-block-list\">\n<li>Eine Metapher ist ein <strong>sprachliches Bild<\/strong>, das von einem Ausgangsbereich in einen Zielbereich \u00fcbertragen wird.<\/li>\n\n\n\n<li>Bei der Metapher geht es also vor allem um <strong>die bildliche Sprache.<\/strong><\/li>\n<\/ul>\n\n\n\n<p><strong>Zum Beispiel:<\/strong><\/p>\n\n\n\n<ul class=\"wp-block-list\">\n<li><em><em>Sie ist <strong><mark style=\"background-color:rgba(0, 0, 0, 0)\" class=\"has-inline-color has-custom-orange-color\">ein Sonnenschein.<\/mark><\/strong><\/em><\/em><\/li>\n<\/ul>\n<\/div>\n\n\n\n<div class=\"wp-block-column is-layout-flow wp-block-column-is-layout-flow\">\n<p><strong>Allegorie<\/strong><\/p>\n\n\n\n<ul class=\"wp-block-list\">\n<li>Eine Allegorie <strong>stellt abstrakte Begriffe vereinfacht dar. <\/strong><\/li>\n<\/ul>\n\n\n\n<p><strong>Zum Beispiel:<\/strong><\/p>\n\n\n\n<ul class=\"wp-block-list\">\n<li><em><strong><mark style=\"background-color:rgba(0, 0, 0, 0)\" class=\"has-inline-color has-custom-orange-color\">Justitia<\/mark><\/strong><\/em><\/li>\n<\/ul>\n<\/div>\n\n\n\n<div class=\"wp-block-column is-layout-flow wp-block-column-is-layout-flow\">\n<p><strong><a href=\"https:\/\/www.iq-lingua.de\/deutsch-lernen\/personifikation\/\" type=\"post\" id=\"6557\">Personifikation<\/a><\/strong><\/p>\n\n\n\n<ul class=\"wp-block-list\">\n<li>Die Personifikation ist die <strong>Vermenschlichung von Tieren, Dingen, Naturerscheinungen <\/strong>oder <strong>abstrakten Begriffen.<\/strong><\/li>\n<\/ul>\n\n\n\n<p><strong>Zum Beispiel:<\/strong><\/p>\n\n\n\n<ul class=\"wp-block-list\">\n<li><em>Die Sonne <strong><mark style=\"background-color:rgba(0, 0, 0, 0)\" class=\"has-inline-color has-custom-orange-color\">lacht.<\/mark><\/strong><\/em><\/li>\n<\/ul>\n<\/div>\n\n\n\n<div class=\"wp-block-column is-layout-flow wp-block-column-is-layout-flow\">\n<p><strong>Metonymie<\/strong><\/p>\n\n\n\n<ul class=\"wp-block-list\">\n<li>Bei der Metonymie <strong>steht ein Wort stellvertretend f\u00fcr etwas anderes.<\/strong><\/li>\n<\/ul>\n\n\n\n<p><strong>Zum Beispiel:<\/strong><\/p>\n\n\n\n<ul class=\"wp-block-list\">\n<li><em>Wir haben <strong><mark style=\"background-color:rgba(0, 0, 0, 0)\" class=\"has-inline-color has-custom-orange-color\">M\u00fcnchen<\/mark> <\/strong>am Telefon.<\/em><\/li>\n<\/ul>\n<\/div>\n<\/div>\n\n\n\n<div class=\"wp-block-group alignfull has-global-padding is-layout-constrained wp-container-core-group-is-layout-b2578ece wp-block-group-is-layout-constrained\" style=\"margin-top:0;margin-bottom:0;padding-top:var(--wp--preset--spacing--40);padding-right:var(--wp--preset--spacing--50);padding-bottom:var(--wp--preset--spacing--40);padding-left:var(--wp--preset--spacing--50)\">\n<div class=\"wp-block-group alignwide has-base-2-background-color has-background has-global-padding is-layout-constrained wp-container-core-group-is-layout-6f90b940 wp-block-group-is-layout-constrained\" style=\"border-radius:16px;padding-top:var(--wp--preset--spacing--20);padding-right:var(--wp--preset--spacing--40);padding-bottom:var(--wp--preset--spacing--20);padding-left:var(--wp--preset--spacing--40)\">\n<div style=\"height:var(--wp--preset--spacing--10)\" aria-hidden=\"true\" class=\"wp-block-spacer\"><\/div>\n\n\n\n<h2 class=\"wp-block-heading has-text-align-center is-style-default has-x-large-font-size\"><strong>Wir helfen Dir gerne weiter!<\/strong><\/h2>\n\n\n\n<p class=\"has-text-align-center\">Bei allen Fragen rund um unsere Deutschkurse ist unser Service Center gerne f\u00fcr Dich da. <\/p>\n\n\n\n<div class=\"wp-block-buttons is-content-justification-center is-layout-flex wp-container-core-buttons-is-layout-a89b3969 wp-block-buttons-is-layout-flex\">\n<div class=\"wp-block-button has-custom-font-size is-style-fill has-medium-font-size\"><a class=\"wp-block-button__link wp-element-button\" href=\"tel:+498005890918\" style=\"border-radius:15px\"><strong>Jetzt anrufen: 0800-5890918<\/strong><\/a><\/div>\n<\/div>\n\n\n\n<div style=\"height:var(--wp--preset--spacing--10)\" aria-hidden=\"true\" class=\"wp-block-spacer\"><\/div>\n<\/div>\n<\/div>\n\n\n\n<h2 class=\"wp-block-heading\" id=\"faq-metapher\">FAQ: H\u00e4ufige Fragen zur Metapher<\/h2>\n\n\n\n<details class=\"wp-block-details is-layout-flow wp-block-details-is-layout-flow\" open><summary><strong>Was ist eine Metapher?<\/strong><\/summary>\n<p>Bei einer <strong>Metapher<\/strong> handelt es sich um ein <strong>sprachliches Bild.<\/strong> Dabei wird <strong>eine Bedeutung von einem Ausgangsbereich in einen Zielbereich \u00fcbertragen.<\/strong> Eine Metapher ist also eine bildliche \u00dcbertragung von einer Bedeutung. Metaphern sind deshalb nicht wortw\u00f6rtlich zu verstehen. Man sagt dazu auch &#8220;im \u00fcbertragenen Sinn&#8221; oder &#8220;metaphorisch&#8221;.<\/p>\n<\/details>\n\n\n\n<details class=\"wp-block-details is-layout-flow wp-block-details-is-layout-flow\"><summary><strong>Wie erkenne ich eine Metapher?<\/strong><\/summary>\n<p>1. Der Satz bzw. die Aussage enth\u00e4lt ein sprachliches Bild.<br>2. Wenn du den Satz bzw. die Aussage wortw\u00f6rtlich nehmen w\u00fcrdest, w\u00fcrde es keinen Sinn machen.<br>3. Der Satz bzw. die Aussage erinnert dich an einen Vergleich.<\/p>\n<\/details>\n\n\n\n<details class=\"wp-block-details is-layout-flow wp-block-details-is-layout-flow\"><summary><strong>Wie wirkt eine Metapher?<\/strong><\/summary>\n<ul class=\"wp-block-list\">\n<li>Die Metapher kann als sprachliches Bild Sachverhalte vereinfachen und verst\u00e4ndlicher machen. <\/li>\n\n\n\n<li>Die Metapher kann Themen mit zus\u00e4tzlicher Bedeutung anzureichern.<\/li>\n\n\n\n<li>Die Metapher kann bestimmte Emotionen verst\u00e4rken, die mit den verwendeten sprachlichen Bildern in Verbindung gebracht werden. <\/li>\n\n\n\n<li>Die Metapher kann Meinungen beeinflussen.<\/li>\n\n\n\n<li>Metaphern k\u00f6nnen in Literatur und Gedichten eine \u00e4sthetische Wirkung haben.<\/li>\n<\/ul>\n<\/details>\n\n\n\n<div class=\"wp-block-group alignwide has-custom-light-gray-b-background-color has-background is-layout-flow wp-block-group-is-layout-flow\" id=\"metapher-zusammenfassung\" style=\"border-radius:16px;padding-top:var(--wp--preset--spacing--20);padding-right:var(--wp--preset--spacing--20);padding-bottom:var(--wp--preset--spacing--20);padding-left:var(--wp--preset--spacing--20)\">\n<figure class=\"wp-block-image aligncenter size-full is-resized wp-duotone-unset-3\"><img loading=\"lazy\" decoding=\"async\" width=\"60\" height=\"60\" src=\"https:\/\/www.iq-lingua.de\/deutsch-lernen\/wp-content\/uploads\/2024\/10\/icon-info.png\" alt=\"Tipps und Zusammenfassung zum Thema Nomen\" class=\"wp-image-320\" style=\"width:50px\"\/><\/figure>\n\n\n\n<ol style=\"margin-right:var(--wp--preset--spacing--10);margin-left:var(--wp--preset--spacing--10);padding-right:0;padding-left:var(--wp--preset--spacing--40)\" class=\"wp-block-list is-style-default\">\n<li>Die <strong><a href=\"#was-ist-eine-metapher\">Metapher ist ein sprachliches Bild<\/a><\/strong>. Dabei wird <strong>eine Bedeutung von einem Ausgangsbereich in einen Zielbereich \u00fcbertragen.<\/strong> Eine Metapher ist also eine bildliche \u00dcbertragung von einer Bedeutung. <\/li>\n\n\n\n<li>Metaphern sind deshalb <strong>nicht wortw\u00f6rtlich zu verstehen. <\/strong>Man sagt dazu auch <em>&#8220;im \u00fcbertragenen Sinn&#8221;<\/em> oder <em>&#8220;metaphorisch&#8221;<\/em>.<\/li>\n\n\n\n<li>Metaphern k\u00f6nnen in zwei Kategorien eingeteilt werden: <strong>kreative Metaphern <\/strong>und <strong>lexikalisierte Metaphern.<\/strong> <strong>Kreative Metaphern <\/strong>sind jene, die dir dichterisch auffallen. <strong>Lexikalisierte Metaphern<\/strong> sind W\u00f6rter, die streng genommen Metaphern sind, aber sich so stark im Sprachgebrauch etabliert haben, dass sie nicht mehr als Metaphern erkannt werden.<\/li>\n\n\n\n<li>Metaphern findest du im <strong>allt\u00e4glichen Sprachgebrauch <\/strong>und auch als <strong>rhetorisches Stilmittel.<\/strong><\/li>\n\n\n\n<li>Die <strong><a href=\"#was-ist-die-wirkung-einer-metapher\">Metapher kann ganz unterschiedlich wirken:<\/a><\/strong> Sie kann das Verst\u00e4ndnis erleichtern, bestimmte Emotionen hervorrufen und verst\u00e4rken oder Meinungen beeinflussen. Als rhetorisches Stilmittel kann die Metapher aber auch eine \u00e4sthetische Wirkung haben und Sprache sch\u00f6ner und poetischer klingen lassen.<\/li>\n\n\n\n<li>Eine <strong><a href=\"#wie-erkenne-ich-eine-metapher\">Metapher zu erkennen<\/a><\/strong>, kannst du im Handumdrehen lernen! Vertrau dabei auf deine Sprachkenntnisse! \ud83d\ude42  <\/li>\n<\/ol>\n<\/div>\n\n\n\n<hr class=\"wp-block-separator has-alpha-channel-opacity is-style-wide\"\/>\n\n\n\n<h2 class=\"wp-block-heading has-text-align-center\" id=\"kontaktformular\" style=\"padding-top:var(--wp--preset--spacing--30);padding-bottom:0\">Du m\u00f6chtest Dein Deutsch verbessern? <\/h2>\n\n\n\n<p class=\"has-text-align-center\" style=\"margin-top:0;margin-right:0;margin-bottom:0;margin-left:0;padding-top:0;padding-right:var(--wp--preset--spacing--10);padding-bottom:0;padding-left:var(--wp--preset--spacing--10)\">Dann hilft Dir ein Deutschkurs von iQ weiter! <br>Bitte gib hier deine Daten ein, damit wir dich zur individuellen Beratung <strong>auf Deutsch oder Englisch<\/strong> zur\u00fcckrufen k\u00f6nnen.<\/p>\n\n\n\n<div class=\"wp-block-group has-global-padding is-content-justification-center is-layout-constrained wp-container-core-group-is-layout-df2951dd wp-block-group-is-layout-constrained\" style=\"padding-right:var(--wp--preset--spacing--10);padding-left:var(--wp--preset--spacing--10)\"><style id=\"wpforms-css-vars-92-block-378fb91d-e35f-40ef-8187-339d377c9588\">\n\t\t\t\t#wpforms-92.wpforms-block-378fb91d-e35f-40ef-8187-339d377c9588 {\n\t\t\t\t--wpforms-field-border-radius: 6px;\n--wpforms-field-border-color: #cccccc;\n--wpforms-field-border-color-spare: #cccccc;\n--wpforms-button-border-radius: 10px;\n--wpforms-button-background-color: #de2727;\n--wpforms-field-text-color: #000;\n--wpforms-field-size-input-height: 31px;\n--wpforms-field-size-input-spacing: 10px;\n--wpforms-field-size-font-size: 14px;\n--wpforms-field-size-line-height: 17px;\n--wpforms-field-size-padding-h: 9px;\n--wpforms-field-size-checkbox-size: 14px;\n--wpforms-field-size-sublabel-spacing: 5px;\n--wpforms-field-size-icon-size: 0.75;\n--wpforms-label-size-font-size: 16px;\n--wpforms-label-size-line-height: 19px;\n--wpforms-label-size-sublabel-font-size: 14px;\n--wpforms-label-size-sublabel-line-height: 17px;\n--wpforms-button-size-font-size: 17px;\n--wpforms-button-size-height: 41px;\n--wpforms-button-size-padding-h: 15px;\n--wpforms-button-size-margin-top: 10px;\n\t\t\t}\n\t\t\t<\/style><div class=\"wpforms-container wpforms-container-full wpforms-block wpforms-block-378fb91d-e35f-40ef-8187-339d377c9588 wpforms-render-modern\" id=\"wpforms-92\"><form id=\"wpforms-form-92\" class=\"wpforms-validate wpforms-form wpforms-ajax-form\" data-formid=\"92\" method=\"post\" enctype=\"multipart\/form-data\" action=\"\/deutsch-lernen\/wp-json\/wp\/v2\/posts\/8231\" data-token=\"e389cc88637b7065b4c8e468ed75ac2a\" data-token-time=\"1777238420\"><noscript class=\"wpforms-error-noscript\">Please enable JavaScript in your browser to complete this form.<\/noscript><div id=\"wpforms-error-noscript\" style=\"display: none;\">Please enable JavaScript in your browser to complete this form.<\/div><div class=\"wpforms-field-container\"><div id=\"wpforms-92-field_1-container\" class=\"wpforms-field wpforms-field-name\" data-field-id=\"1\"><fieldset><legend class=\"wpforms-field-label\">Name <span class=\"wpforms-required-label\" aria-hidden=\"true\">*<\/span><\/legend><div class=\"wpforms-field-row wpforms-field-medium\"><div class=\"wpforms-field-row-block wpforms-first wpforms-one-half\"><input type=\"text\" id=\"wpforms-92-field_1\" class=\"wpforms-field-name-first wpforms-field-required\" name=\"wpforms[fields][1][first]\" placeholder=\"Vorname\" aria-errormessage=\"wpforms-92-field_1-error\" required><label for=\"wpforms-92-field_1\" class=\"wpforms-field-sublabel after wpforms-sublabel-hide\">First<\/label><\/div><div class=\"wpforms-field-row-block wpforms-one-half\"><input type=\"text\" id=\"wpforms-92-field_1-last\" class=\"wpforms-field-name-last wpforms-field-required\" name=\"wpforms[fields][1][last]\" placeholder=\"Nachname\" aria-errormessage=\"wpforms-92-field_1-last-error\" required><label for=\"wpforms-92-field_1-last\" class=\"wpforms-field-sublabel after wpforms-sublabel-hide\">Last<\/label><\/div><\/div><\/fieldset><\/div>\t\t<div id=\"wpforms-92-field_4-container\"\n\t\t\tclass=\"wpforms-field wpforms-field-text\"\n\t\t\tdata-field-type=\"text\"\n\t\t\tdata-field-id=\"4\"\n\t\t\t>\n\t\t\t<label class=\"wpforms-field-label\" for=\"wpforms-92-field_4\" >an Name Datenschutzhinweis<\/label>\n\t\t\t<input type=\"text\" id=\"wpforms-92-field_4\" class=\"wpforms-field-medium\" name=\"wpforms[fields][4]\" >\n\t\t<\/div>\n\t\t<div id=\"wpforms-92-field_7-container\" class=\"wpforms-field wpforms-field-number\" data-field-id=\"7\"><label class=\"wpforms-field-label\" for=\"wpforms-92-field_7\">Telefonnummer <span class=\"wpforms-required-label\" aria-hidden=\"true\">*<\/span><\/label><input type=\"number\" id=\"wpforms-92-field_7\" class=\"wpforms-field-medium wpforms-field-required\" name=\"wpforms[fields][7]\" placeholder=\"0123 45678910\" step=\"any\" aria-errormessage=\"wpforms-92-field_7-error\" required><\/div><div id=\"wpforms-92-field_2-container\" class=\"wpforms-field wpforms-field-email\" data-field-id=\"2\"><label class=\"wpforms-field-label\" for=\"wpforms-92-field_2\">E-Mail <span class=\"wpforms-required-label\" aria-hidden=\"true\">*<\/span><\/label><input type=\"email\" id=\"wpforms-92-field_2\" class=\"wpforms-field-medium wpforms-field-required\" name=\"wpforms[fields][2]\" placeholder=\"example@mail.com\" spellcheck=\"false\" aria-errormessage=\"wpforms-92-field_2-error\" required><\/div><div id=\"wpforms-92-field_3-container\" class=\"wpforms-field wpforms-field-textarea\" data-field-id=\"3\"><label class=\"wpforms-field-label\" for=\"wpforms-92-field_3\">Deine Nachricht an iQ Lingua<\/label><textarea id=\"wpforms-92-field_3\" class=\"wpforms-field-medium\" name=\"wpforms[fields][3]\" placeholder=\"Bitte schreibe hier deine Nachricht an iQ Lingua hinein.\" aria-errormessage=\"wpforms-92-field_3-error\" ><\/textarea><\/div><div id=\"wpforms-92-field_8-container\" class=\"wpforms-field wpforms-field-checkbox\" data-field-id=\"8\"><fieldset><legend class=\"wpforms-field-label wpforms-label-hide\" aria-hidden=\"false\">Datenschutzhinweis <span class=\"wpforms-required-label\" aria-hidden=\"true\">*<\/span><\/legend><ul id=\"wpforms-92-field_8\" class=\"wpforms-field-required\"><li class=\"choice-1 depth-1\"><input type=\"checkbox\" id=\"wpforms-92-field_8_1\" name=\"wpforms[fields][8][]\" value=\"Ich bin damit einverstanden, dass die ZGS Bildungs-GmbH zu mir Kontakt per E-Mail und Telefon aufnimmt, damit ich \u00fcber exklusive Angebote der iQ (Werbung) informiert werden kann. F\u00fcr die Datenverarbeitung gilt unsere allgemeine Datenschutzerkl\u00e4rung. Der Widerruf ist jederzeit m\u00f6glich. *\" aria-errormessage=\"wpforms-92-field_8_1-error\" required ><label class=\"wpforms-field-label-inline\" for=\"wpforms-92-field_8_1\">Ich bin damit einverstanden, dass die ZGS Bildungs-GmbH zu mir Kontakt per E-Mail und Telefon aufnimmt, damit ich \u00fcber exklusive Angebote der iQ (Werbung) informiert werden kann. F\u00fcr die Datenverarbeitung gilt unsere allgemeine Datenschutzerkl\u00e4rung. Der Widerruf ist jederzeit m\u00f6glich. *<\/label><\/li><\/ul><\/fieldset><\/div><script>\n\t\t\t\t( function() {\n\t\t\t\t\tconst style = document.createElement( 'style' );\n\t\t\t\t\tstyle.appendChild( document.createTextNode( '#wpforms-92-field_4-container { position: absolute !important; overflow: hidden !important; display: inline !important; height: 1px !important; width: 1px !important; z-index: -1000 !important; padding: 0 !important; } #wpforms-92-field_4-container input { visibility: hidden; } #wpforms-conversational-form-page #wpforms-92-field_4-container label { counter-increment: none; }' ) );\n\t\t\t\t\tdocument.head.appendChild( style );\n\t\t\t\t\tdocument.currentScript?.remove();\n\t\t\t\t} )();\n\t\t\t<\/script><\/div><!-- .wpforms-field-container --><div class=\"wpforms-submit-container\" ><input type=\"hidden\" name=\"wpforms[id]\" value=\"92\"><input type=\"hidden\" name=\"page_title\" value=\"\"><input type=\"hidden\" name=\"page_url\" value=\"https:\/\/www.iq-lingua.de\/deutsch-lernen\/wp-json\/wp\/v2\/posts\/8231\"><input type=\"hidden\" name=\"url_referer\" value=\"\"><button type=\"submit\" name=\"wpforms[submit]\" id=\"wpforms-submit-92\" class=\"wpforms-submit\" data-alt-text=\"Wird gesendet...\" data-submit-text=\"Abschicken\" aria-live=\"assertive\" value=\"wpforms-submit\">Abschicken<\/button><img loading=\"lazy\" decoding=\"async\" src=\"https:\/\/www.iq-lingua.de\/deutsch-lernen\/wp-content\/plugins\/wpforms-lite\/assets\/images\/submit-spin.svg\" class=\"wpforms-submit-spinner\" style=\"display: none;\" width=\"26\" height=\"26\" alt=\"Loading\"><\/div><\/form><\/div>  <!-- .wpforms-container --><\/div>\n\n\n\n<div class=\"wp-block-group alignfull has-global-padding is-content-justification-center is-layout-constrained wp-container-core-group-is-layout-48b3a477 wp-block-group-is-layout-constrained\" style=\"margin-top:0;margin-bottom:0;padding-top:var(--wp--preset--spacing--10);padding-right:0;padding-bottom:var(--wp--preset--spacing--10);padding-left:0\">\n<script src=\"https:\/\/apps.elfsight.com\/p\/platform.js\" defer><\/script>\n<div class=\"elfsight-app-beb0eeef-efaa-496f-86ca-64464621ecfe\"><\/div>\n<\/div>\n\n\n\n<hr class=\"wp-block-separator has-alpha-channel-opacity is-style-wide\"\/>\n\n\n\n<h3 class=\"wp-block-heading\">Die neuesten Themen<\/h3>\n\n\n\n<div class=\"wp-block-query is-layout-flow wp-block-query-is-layout-flow\"><ul class=\"columns-3 wp-block-post-template has-medium-font-size is-layout-grid wp-container-core-post-template-is-layout-4142fc9f wp-block-post-template-is-layout-grid\"><li class=\"wp-block-post post-8890 post type-post status-publish format-standard hentry category-rhetorische-mittel\">\n<h4 style=\"padding-top:0;padding-bottom:0;margin-top:0;margin-bottom:0;\" class=\"wp-block-post-title\"><a href=\"https:\/\/www.iq-lingua.de\/deutsch-lernen\/pleonasmus\/\" target=\"_self\" >Pleonasmus im Deutschen<\/a><\/h4>\n\n<div style=\"margin-top:var(--wp--preset--spacing--10);margin-bottom:var(--wp--preset--spacing--10);\" class=\"wp-block-post-excerpt\"><p class=\"wp-block-post-excerpt__excerpt\">In diesem Artikel erf\u00e4hrst du alles Wissenswerte zum Pleonasmus im Deutschen. Was ist ein Pleonasmus? Wie erkenne ich einen Pleonasmus? Was ist die Wirkung des Pleonasmus? Und wie unterscheide ich eigentlich zwischen dem Pleonasmus und einer Tautologie?<\/p><p class=\"wp-block-post-excerpt__more-text\"><a class=\"wp-block-post-excerpt__more-link\" href=\"https:\/\/www.iq-lingua.de\/deutsch-lernen\/pleonasmus\/\">Jetzt weiterlesen<\/a><\/p><\/div>\n<\/li><li class=\"wp-block-post post-8790 post type-post status-publish format-standard hentry category-grammatik category-rechtschreibung\">\n<h4 style=\"padding-top:0;padding-bottom:0;margin-top:0;margin-bottom:0;\" class=\"wp-block-post-title\"><a href=\"https:\/\/www.iq-lingua.de\/deutsch-lernen\/soviel-oder-so-viel\/\" target=\"_self\" >&#8220;soviel&#8221; oder &#8220;so viel&#8221; &#8211; Was ist richtig?<\/a><\/h4>\n\n<div style=\"margin-top:var(--wp--preset--spacing--10);margin-bottom:var(--wp--preset--spacing--10);\" class=\"wp-block-post-excerpt\"><p class=\"wp-block-post-excerpt__excerpt\">In diesem Artikel erf\u00e4hrst du alles zur richtigen Schreibweise von soviel oder so viel. Was ist richtig? Soviel oder so viel? Und um welche Wortarten handelt es sich eigentlich? Am Schluss findest du au\u00dferdem ein paar \u00dcbungen, mit denen du dein Wissen testen kannst.<\/p><p class=\"wp-block-post-excerpt__more-text\"><a class=\"wp-block-post-excerpt__more-link\" href=\"https:\/\/www.iq-lingua.de\/deutsch-lernen\/soviel-oder-so-viel\/\">Jetzt weiterlesen<\/a><\/p><\/div>\n<\/li><li class=\"wp-block-post post-8742 post type-post status-publish format-standard hentry category-rhetorische-mittel\">\n<h4 style=\"padding-top:0;padding-bottom:0;margin-top:0;margin-bottom:0;\" class=\"wp-block-post-title\"><a href=\"https:\/\/www.iq-lingua.de\/deutsch-lernen\/akkumulation\/\" target=\"_self\" >Akkumulation im Deutschen<\/a><\/h4>\n\n<div style=\"margin-top:var(--wp--preset--spacing--10);margin-bottom:var(--wp--preset--spacing--10);\" class=\"wp-block-post-excerpt\"><p class=\"wp-block-post-excerpt__excerpt\">In diesem Artikel erf\u00e4hrst du alles Wissenswerte zur Akkumulation im Deutschen. Was ist eine Akkumulation? Wie erkenne ich eine Akkumulation? Und was ist die Wirkung der Akkumulation?<\/p><p class=\"wp-block-post-excerpt__more-text\"><a class=\"wp-block-post-excerpt__more-link\" href=\"https:\/\/www.iq-lingua.de\/deutsch-lernen\/akkumulation\/\">Jetzt weiterlesen<\/a><\/p><\/div>\n<\/li><\/ul><\/div>\n\n\n\n<hr class=\"wp-block-separator has-alpha-channel-opacity is-style-wide\"\/>\n\n\n\n<div class=\"wp-block-group alignfull has-global-padding is-layout-constrained wp-container-core-group-is-layout-50ee48b3 wp-block-group-is-layout-constrained\" style=\"margin-top:0;margin-bottom:0;padding-top:var(--wp--preset--spacing--30);padding-right:var(--wp--preset--spacing--10);padding-bottom:var(--wp--preset--spacing--30);padding-left:var(--wp--preset--spacing--10)\">\n<h3 class=\"wp-block-heading has-text-align-center is-style-default has-large-font-size\">Alle Themen zum Deutsch lernen auf einen Blick<\/h3>\n\n\n\n<div class=\"wp-block-columns is-layout-flex wp-container-core-columns-is-layout-2d7698b3 wp-block-columns-is-layout-flex\" style=\"padding-right:0;padding-left:0\">\n<div class=\"wp-block-column is-layout-flow wp-container-core-column-is-layout-92c44e9e wp-block-column-is-layout-flow\" style=\"padding-top:0;padding-bottom:0\">\n<div class=\"wp-block-buttons is-vertical is-content-justification-center is-layout-flex wp-container-core-buttons-is-layout-4654d42b wp-block-buttons-is-layout-flex\" style=\"padding-right:0;padding-left:0\">\n<div class=\"wp-block-button is-style-outline is-style-outline--4\"><a class=\"wp-block-button__link has-contrast-2-color has-base-background-color has-text-color has-background has-link-color wp-element-button\" href=\"https:\/\/www.iq-lingua.de\/deutsch-lernen\/artikel\/\" style=\"padding-top:0.15rem;padding-bottom:0.15rem\">Artikel<\/a><\/div>\n\n\n\n<div class=\"wp-block-button is-style-outline is-style-outline--5\"><a class=\"wp-block-button__link has-contrast-2-color has-base-background-color has-text-color has-background has-link-color wp-element-button\" href=\"https:\/\/www.iq-lingua.de\/deutsch-lernen\/nomen\/\" style=\"padding-top:0px;padding-bottom:0px\"><strong>N<\/strong>omen (Substantive)<\/a><\/div>\n\n\n\n<div class=\"wp-block-button is-style-outline is-style-outline--6\"><a class=\"wp-block-button__link has-contrast-2-color has-base-background-color has-text-color has-background has-link-color wp-element-button\" href=\"https:\/\/www.iq-lingua.de\/deutsch-lernen\/verben\/\" style=\"padding-top:0px;padding-bottom:0px\">Verben (Tunw\u00f6rter)<\/a><\/div>\n\n\n\n<div class=\"wp-block-button is-style-outline is-style-outline--7\"><a class=\"wp-block-button__link has-contrast-2-color has-base-background-color has-text-color has-background has-link-color wp-element-button\" href=\"https:\/\/www.iq-lingua.de\/deutsch-lernen\/adjektive\/\" style=\"padding-top:0px;padding-bottom:0px\">Adjektive (Wiew\u00f6rter)<\/a><\/div>\n\n\n\n<div class=\"wp-block-button is-style-outline is-style-outline--8\"><a class=\"wp-block-button__link has-contrast-2-color has-base-background-color has-text-color has-background has-link-color wp-element-button\" href=\"https:\/\/www.iq-lingua.de\/deutsch-lernen\/pronomen\/\" style=\"padding-top:0px;padding-bottom:0px\">Pronomen (F\u00fcrw\u00f6rter)<\/a><\/div>\n\n\n\n<div class=\"wp-block-button is-style-outline is-style-outline--9\"><a class=\"wp-block-button__link has-contrast-2-color has-base-background-color has-text-color has-background has-link-color wp-element-button\" href=\"https:\/\/www.iq-lingua.de\/deutsch-lernen\/4-faelle-nominativ-genitiv-dativ-akkusativ\/\" style=\"padding-top:0px;padding-bottom:0px\">Die 4 F\u00e4lle (Kasus)<\/a><\/div>\n\n\n\n<div class=\"wp-block-button is-style-outline is-style-outline--10\"><a class=\"wp-block-button__link has-contrast-2-color has-base-background-color has-text-color has-background has-link-color wp-element-button\" href=\"https:\/\/www.iq-lingua.de\/deutsch-lernen\/praesens\/\" style=\"padding-top:0px;padding-bottom:0px\">Pr\u00e4sens (Gegenwart)<\/a><\/div>\n\n\n\n<div class=\"wp-block-button is-style-outline is-style-outline--11\"><a class=\"wp-block-button__link has-contrast-2-color has-base-background-color has-text-color has-background has-link-color wp-element-button\" href=\"https:\/\/www.iq-lingua.de\/deutsch-lernen\/praeteritum\/\" style=\"padding-top:0px;padding-bottom:0px\">Pr\u00e4teritum (erste Vergangenheit)<\/a><\/div>\n\n\n\n<div class=\"wp-block-button is-style-outline is-style-outline--12\"><a class=\"wp-block-button__link has-contrast-2-color has-base-background-color has-text-color has-background has-link-color wp-element-button\" href=\"https:\/\/www.iq-lingua.de\/deutsch-lernen\/perfekt\/\" style=\"padding-top:0px;padding-bottom:0px\">Perfekt (zweite Vergangenheit)<\/a><\/div>\n\n\n\n<div class=\"wp-block-button is-style-outline is-style-outline--13\"><a class=\"wp-block-button__link has-contrast-2-color has-base-background-color has-text-color has-background has-link-color wp-element-button\" href=\"https:\/\/www.iq-lingua.de\/deutsch-lernen\/plusquamperfekt\/\" style=\"padding-top:0px;padding-bottom:0px\">Plusquamperfekt (Vorvergangenheit)<\/a><\/div>\n\n\n\n<div class=\"wp-block-button is-style-outline is-style-outline--14\"><a class=\"wp-block-button__link has-contrast-2-color has-base-background-color has-text-color has-background has-link-color wp-element-button\" href=\"https:\/\/www.iq-lingua.de\/deutsch-lernen\/futur-1\/\" style=\"padding-top:0px;padding-bottom:0px\">Futur 1 (Zukunft)<\/a><\/div>\n\n\n\n<div class=\"wp-block-button is-style-outline is-style-outline--15\"><a class=\"wp-block-button__link has-contrast-2-color has-base-background-color has-text-color has-background has-link-color wp-element-button\" href=\"https:\/\/www.iq-lingua.de\/deutsch-lernen\/futur-2\/\" style=\"padding-top:0px;padding-bottom:0px\">Futur 2 (vollendete Zukunft)<\/a><\/div>\n\n\n\n<div class=\"wp-block-button is-style-outline is-style-outline--16\"><a class=\"wp-block-button__link has-contrast-2-color has-base-background-color has-text-color has-background has-link-color wp-element-button\" href=\"https:\/\/www.iq-lingua.de\/deutsch-lernen\/vokale-und-konsonanten\/\" style=\"padding-top:0px;padding-bottom:0px\">Vokale &amp; Konsonanten<\/a><\/div>\n\n\n\n<div class=\"wp-block-button is-style-outline is-style-outline--17\"><a class=\"wp-block-button__link has-contrast-2-color has-base-background-color has-text-color has-background has-link-color wp-element-button\" href=\"https:\/\/www.iq-lingua.de\/deutsch-lernen\/umlaute\/\" style=\"padding-top:0px;padding-bottom:0px\">Umlaute<\/a><\/div>\n\n\n\n<div class=\"wp-block-button is-style-outline is-style-outline--18\"><a class=\"wp-block-button__link has-contrast-2-color has-base-background-color has-text-color has-background has-link-color wp-element-button\" href=\"https:\/\/www.iq-lingua.de\/deutsch-lernen\/silbentrennung\/\" style=\"padding-top:0px;padding-bottom:0px\">Silbentrennung<\/a><\/div>\n\n\n\n<div class=\"wp-block-button is-style-outline is-style-outline--19\"><a class=\"wp-block-button__link has-contrast-2-color has-base-background-color has-text-color has-background has-link-color wp-element-button\" href=\"https:\/\/www.iq-lingua.de\/deutsch-lernen\/laute\/\" style=\"padding-top:0px;padding-bottom:0px\">Laute (Lautlehre)<\/a><\/div>\n\n\n\n<div class=\"wp-block-button is-style-outline is-style-outline--20\"><a class=\"wp-block-button__link has-contrast-2-color has-base-background-color has-text-color has-background has-link-color wp-element-button\" href=\"https:\/\/www.iq-lingua.de\/deutsch-lernen\/kommasetzung\/\" style=\"padding-top:0px;padding-bottom:0px\">Kommasetzung<\/a><\/div>\n\n\n\n<div class=\"wp-block-button is-style-outline is-style-outline--21\"><a class=\"wp-block-button__link has-contrast-2-color has-base-background-color has-text-color has-background has-link-color wp-element-button\" href=\"https:\/\/www.iq-lingua.de\/deutsch-lernen\/satzarten\/\" style=\"padding-top:0px;padding-bottom:0px\">Satzarten<\/a><\/div>\n\n\n\n<div class=\"wp-block-button is-style-outline is-style-outline--22\"><a class=\"wp-block-button__link has-contrast-2-color has-base-background-color has-text-color has-background has-link-color wp-element-button\" href=\"https:\/\/www.iq-lingua.de\/deutsch-lernen\/konjunktiv-1\/\" style=\"padding-top:0px;padding-bottom:0px\">Konjunktiv 1<\/a><\/div>\n\n\n\n<div class=\"wp-block-button is-style-outline is-style-outline--23\"><a class=\"wp-block-button__link has-contrast-2-color has-base-background-color has-text-color has-background has-link-color wp-element-button\" href=\"https:\/\/www.iq-lingua.de\/deutsch-lernen\/konjunktiv-2\/\" style=\"padding-top:0px;padding-bottom:0px\">Konjunktiv 2<\/a><\/div>\n\n\n\n<div class=\"wp-block-button is-style-outline is-style-outline--24\"><a class=\"wp-block-button__link has-contrast-2-color has-base-background-color has-text-color has-background has-link-color wp-element-button\" href=\"https:\/\/www.iq-lingua.de\/deutsch-lernen\/imperativ\/\" style=\"padding-top:0px;padding-bottom:0px\">Imperativ<\/a><\/div>\n\n\n\n<div class=\"wp-block-button is-style-outline is-style-outline--25\"><a class=\"wp-block-button__link has-contrast-2-color has-base-background-color has-text-color has-background has-link-color wp-element-button\" href=\"https:\/\/www.iq-lingua.de\/deutsch-lernen\/infinitiv\/\" style=\"padding-top:0px;padding-bottom:0px\">Infinitiv<\/a><\/div>\n\n\n\n<div class=\"wp-block-button is-style-outline is-style-outline--26\"><a class=\"wp-block-button__link has-contrast-2-color has-base-background-color has-text-color has-background has-link-color wp-element-button\" href=\"https:\/\/www.iq-lingua.de\/deutsch-lernen\/konjugation\/\" style=\"padding-top:0px;padding-bottom:0px\">Konjugation von Verben<\/a><\/div>\n\n\n\n<div class=\"wp-block-button is-style-outline is-style-outline--27\"><a class=\"wp-block-button__link has-contrast-2-color has-base-background-color has-text-color has-background has-link-color wp-element-button\" href=\"https:\/\/www.iq-lingua.de\/deutsch-lernen\/satzglieder-bestimmen-subjekt-praedikat-objekt\/\" style=\"padding-top:0px;padding-bottom:0px\">Subjekt, Pr\u00e4dikat, Objekt<\/a><\/div>\n\n\n\n<div class=\"wp-block-button is-style-outline is-style-outline--28\"><a class=\"wp-block-button__link has-contrast-2-color has-base-background-color has-text-color has-background has-link-color wp-element-button\" href=\"https:\/\/www.iq-lingua.de\/deutsch-lernen\/komposita-zusammengesetzte-woerter\/\" style=\"padding-top:0px;padding-bottom:0px\">Komposita<\/a><\/div>\n\n\n\n<div class=\"wp-block-button is-style-outline is-style-outline--29\"><a class=\"wp-block-button__link has-contrast-2-color has-base-background-color has-text-color has-background has-link-color wp-element-button\" href=\"https:\/\/www.iq-lingua.de\/deutsch-lernen\/adverbien\/\" style=\"padding-top:0px;padding-bottom:0px\">Adverbien (Umstandsw\u00f6rter)<\/a><\/div>\n\n\n\n<div class=\"wp-block-button is-style-outline is-style-outline--30\"><a class=\"wp-block-button__link has-contrast-2-color has-base-background-color has-text-color has-background has-link-color wp-element-button\" href=\"https:\/\/www.iq-lingua.de\/deutsch-lernen\/praepositionen\/\" style=\"padding-top:0px;padding-bottom:0px\">Pr\u00e4positionen (Verh\u00e4ltnisw\u00f6rter)<\/a><\/div>\n\n\n\n<div class=\"wp-block-button is-style-outline is-style-outline--31\"><a class=\"wp-block-button__link has-contrast-2-color has-base-background-color has-text-color has-background has-link-color wp-element-button\" href=\"https:\/\/www.iq-lingua.de\/deutsch-lernen\/partikel\/\" style=\"padding-top:0px;padding-bottom:0px\">Partikel<\/a><\/div>\n\n\n\n<div class=\"wp-block-button is-style-outline is-style-outline--32\"><a class=\"wp-block-button__link has-contrast-2-color has-base-background-color has-text-color has-background has-link-color wp-element-button\" href=\"https:\/\/www.iq-lingua.de\/deutsch-lernen\/konjunktion\/\" style=\"padding-top:0px;padding-bottom:0px\">Konjunktion<\/a><\/div>\n\n\n\n<div class=\"wp-block-button is-style-outline is-style-outline--33\"><a class=\"wp-block-button__link has-contrast-2-color has-base-background-color has-text-color has-background has-link-color wp-element-button\" href=\"https:\/\/www.iq-lingua.de\/deutsch-lernen\/partizip-1-und-2\/\" style=\"padding-top:0px;padding-bottom:0px\">Partizip 1 und Partizip 2<\/a><\/div>\n\n\n\n<div class=\"wp-block-button is-style-outline is-style-outline--34\"><a class=\"wp-block-button__link has-contrast-2-color has-base-background-color has-text-color has-background has-link-color wp-element-button\" href=\"https:\/\/www.iq-lingua.de\/deutsch-lernen\/bindestrich-oder-gedankenstrich\/\" style=\"padding-top:0px;padding-bottom:0px\">Bindestrich oder Gedankenstrich?<\/a><\/div>\n\n\n\n<div class=\"wp-block-button is-style-outline is-style-outline--35\"><a class=\"wp-block-button__link has-contrast-2-color has-base-background-color has-text-color has-background has-link-color wp-element-button\" href=\"https:\/\/www.iq-lingua.de\/deutsch-lernen\/klammern\/\" style=\"padding-top:0px;padding-bottom:0px\">Klammern im Deutschen<\/a><\/div>\n\n\n\n<div class=\"wp-block-button is-style-outline is-style-outline--36\"><a class=\"wp-block-button__link has-contrast-2-color has-base-background-color has-text-color has-background has-link-color wp-element-button\" href=\"https:\/\/www.iq-lingua.de\/deutsch-lernen\/anfuehrungszeichen\/\" style=\"padding-top:0px;padding-bottom:0px\">Anf\u00fchrungszeichen im Deutschen<\/a><\/div>\n\n\n\n<div class=\"wp-block-button is-style-outline is-style-outline--37\"><a class=\"wp-block-button__link has-contrast-2-color has-base-background-color has-text-color has-background has-link-color wp-element-button\" href=\"https:\/\/www.iq-lingua.de\/deutsch-lernen\/komma-vor-sowie\/\" style=\"padding-top:0px;padding-bottom:0px\">Komma vor sowie<\/a><\/div>\n\n\n\n<div class=\"wp-block-button is-style-outline is-style-outline--38\"><a class=\"wp-block-button__link has-contrast-2-color has-base-background-color has-text-color has-background has-link-color wp-element-button\" href=\"https:\/\/www.iq-lingua.de\/deutsch-lernen\/komma-vor-falls\/\" style=\"padding-top:0px;padding-bottom:0px\">Komma vor falls<\/a><\/div>\n<\/div>\n<\/div>\n\n\n\n<div class=\"wp-block-column is-layout-flow wp-block-column-is-layout-flow\">\n<div class=\"wp-block-buttons is-vertical is-content-justification-center is-layout-flex wp-container-core-buttons-is-layout-4654d42b wp-block-buttons-is-layout-flex\" style=\"padding-right:0;padding-left:0\">\n<div class=\"wp-block-button is-style-outline is-style-outline--39\"><a class=\"wp-block-button__link has-contrast-2-color has-base-background-color has-text-color has-background has-link-color wp-element-button\" href=\"https:\/\/www.iq-lingua.de\/deutsch-lernen\/komma-bei-anders-als\/\" style=\"padding-top:0px;padding-bottom:0px\">Komma bei anders als<\/a><\/div>\n\n\n\n<div class=\"wp-block-button is-style-outline is-style-outline--40\"><a class=\"wp-block-button__link has-contrast-2-color has-base-background-color has-text-color has-background has-link-color wp-element-button\" href=\"https:\/\/www.iq-lingua.de\/deutsch-lernen\/sowohl-als-auch-komma\/\" style=\"padding-top:0px;padding-bottom:0px\">Komma bei sowohl als auch<\/a><\/div>\n\n\n\n<div class=\"wp-block-button is-style-outline is-style-outline--41\"><a class=\"wp-block-button__link has-contrast-2-color has-base-background-color has-text-color has-background has-link-color wp-element-button\" href=\"https:\/\/www.iq-lingua.de\/deutsch-lernen\/weder-noch-komma\/\" style=\"padding-top:0px;padding-bottom:0px\">Komma bei &#8220;weder noch&#8221;<\/a><\/div>\n\n\n\n<div class=\"wp-block-button is-style-outline is-style-outline--42\"><a class=\"wp-block-button__link has-contrast-2-color has-base-background-color has-text-color has-background has-link-color wp-element-button\" href=\"https:\/\/www.iq-lingua.de\/deutsch-lernen\/deutsches-alphabet\/\" style=\"padding-top:0px;padding-bottom:0px\">Das deutsche Alphabet<\/a><\/div>\n\n\n\n<div class=\"wp-block-button is-style-outline is-style-outline--43\"><a class=\"wp-block-button__link has-contrast-2-color has-base-background-color has-text-color has-background has-link-color wp-element-button\" href=\"https:\/\/www.iq-lingua.de\/deutsch-lernen\/w-fragen\/\" style=\"padding-top:0px;padding-bottom:0px\">Die 5 W-Fragen<\/a><\/div>\n\n\n\n<div class=\"wp-block-button is-style-outline is-style-outline--44\"><a class=\"wp-block-button__link has-contrast-2-color has-base-background-color has-text-color has-background has-link-color wp-element-button\" href=\"https:\/\/www.iq-lingua.de\/deutsch-lernen\/direkte-rede-indirekte-rede\/\" style=\"padding-top:0px;padding-bottom:0px\">Direkte Rede und indirekte Rede<\/a><\/div>\n\n\n\n<div class=\"wp-block-button is-style-outline is-style-outline--45\"><a class=\"wp-block-button__link has-contrast-2-color has-base-background-color has-text-color has-background has-link-color wp-element-button\" href=\"https:\/\/www.iq-lingua.de\/deutsch-lernen\/attribute\/\" style=\"padding-top:0px;padding-bottom:0px\">Attribute<\/a><\/div>\n\n\n\n<div class=\"wp-block-button is-style-outline is-style-outline--46\"><a class=\"wp-block-button__link has-contrast-2-color has-base-background-color has-text-color has-background has-link-color wp-element-button\" href=\"https:\/\/www.iq-lingua.de\/deutsch-lernen\/oxymoron\/\" style=\"padding-top:0px;padding-bottom:0px\">Oxymoron<\/a><\/div>\n\n\n\n<div class=\"wp-block-button is-style-outline is-style-outline--47\"><a class=\"wp-block-button__link has-contrast-2-color has-base-background-color has-text-color has-background has-link-color wp-element-button\" href=\"https:\/\/www.iq-lingua.de\/deutsch-lernen\/gendern\/\" style=\"padding-top:0px;padding-bottom:0px\">Gendern<\/a><\/div>\n\n\n\n<div class=\"wp-block-button is-style-outline is-style-outline--48\"><a class=\"wp-block-button__link has-contrast-2-color has-base-background-color has-text-color has-background has-link-color wp-element-button\" href=\"https:\/\/www.iq-lingua.de\/deutsch-lernen\/akkumulation\/\" style=\"padding-top:0px;padding-bottom:0px\">Akkumulation<\/a><\/div>\n\n\n\n<div class=\"wp-block-button is-style-outline is-style-outline--49\"><a class=\"wp-block-button__link has-contrast-2-color has-base-background-color has-text-color has-background has-link-color wp-element-button\" href=\"https:\/\/www.iq-lingua.de\/deutsch-lernen\/anglizismen\/\" style=\"padding-top:0px;padding-bottom:0px\">Anglizismen<\/a><\/div>\n\n\n\n<div class=\"wp-block-button is-style-outline is-style-outline--50\"><a class=\"wp-block-button__link has-contrast-2-color has-base-background-color has-text-color has-background has-link-color wp-element-button\" href=\"https:\/\/www.iq-lingua.de\/deutsch-lernen\/alliteration\/\" style=\"padding-top:0px;padding-bottom:0px\">Alliteration<\/a><\/div>\n\n\n\n<div class=\"wp-block-button is-style-outline is-style-outline--51\"><a class=\"wp-block-button__link has-contrast-2-color has-base-background-color has-text-color has-background has-link-color wp-element-button\" href=\"https:\/\/www.iq-lingua.de\/deutsch-lernen\/antithese\/\" style=\"padding-top:0px;padding-bottom:0px\">Antithese<\/a><\/div>\n\n\n\n<div class=\"wp-block-button is-style-outline is-style-outline--52\"><a class=\"wp-block-button__link has-contrast-2-color has-base-background-color has-text-color has-background has-link-color wp-element-button\" href=\"https:\/\/www.iq-lingua.de\/deutsch-lernen\/metapher\/\" style=\"padding-top:0px;padding-bottom:0px\">Metapher<\/a><\/div>\n\n\n\n<div class=\"wp-block-button is-style-outline is-style-outline--53\"><a class=\"wp-block-button__link has-contrast-2-color has-base-background-color has-text-color has-background has-link-color wp-element-button\" href=\"https:\/\/www.iq-lingua.de\/deutsch-lernen\/metonymie\/\" style=\"padding-top:0px;padding-bottom:0px\">Metonymie<\/a><\/div>\n\n\n\n<div class=\"wp-block-button is-style-outline is-style-outline--54\"><a class=\"wp-block-button__link has-contrast-2-color has-base-background-color has-text-color has-background has-link-color wp-element-button\" href=\"https:\/\/www.iq-lingua.de\/deutsch-lernen\/personifikation\/\" style=\"padding-top:0px;padding-bottom:0px\">Personifikation<\/a><\/div>\n\n\n\n<div class=\"wp-block-button is-style-outline is-style-outline--55\"><a class=\"wp-block-button__link has-contrast-2-color has-base-background-color has-text-color has-background has-link-color wp-element-button\" href=\"https:\/\/www.iq-lingua.de\/deutsch-lernen\/ellipse\/\" style=\"padding-top:0px;padding-bottom:0px\">Ellipse<\/a><\/div>\n\n\n\n<div class=\"wp-block-button is-style-outline is-style-outline--56\"><a class=\"wp-block-button__link has-contrast-2-color has-base-background-color has-text-color has-background has-link-color wp-element-button\" href=\"https:\/\/www.iq-lingua.de\/deutsch-lernen\/euphemismus\/\" style=\"padding-top:0px;padding-bottom:0px\">Euphemismsus<\/a><\/div>\n\n\n\n<div class=\"wp-block-button is-style-outline is-style-outline--57\"><a class=\"wp-block-button__link has-contrast-2-color has-base-background-color has-text-color has-background has-link-color wp-element-button\" href=\"https:\/\/www.iq-lingua.de\/deutsch-lernen\/homonym\/\" style=\"padding-top:0px;padding-bottom:0px\">Homonym<\/a><\/div>\n\n\n\n<div class=\"wp-block-button is-style-outline is-style-outline--58\"><a class=\"wp-block-button__link has-contrast-2-color has-base-background-color has-text-color has-background has-link-color wp-element-button\" href=\"https:\/\/www.iq-lingua.de\/deutsch-lernen\/hyperbel\/\" style=\"padding-top:0px;padding-bottom:0px\">Hyperbel<\/a><\/div>\n\n\n\n<div class=\"wp-block-button is-style-outline is-style-outline--59\"><a class=\"wp-block-button__link has-contrast-2-color has-base-background-color has-text-color has-background has-link-color wp-element-button\" href=\"https:\/\/www.iq-lingua.de\/deutsch-lernen\/tautologie\/\" style=\"padding-top:0px;padding-bottom:0px\">Tautologie<\/a><\/div>\n\n\n\n<div class=\"wp-block-button is-style-outline is-style-outline--60\"><a class=\"wp-block-button__link has-contrast-2-color has-base-background-color has-text-color has-background has-link-color wp-element-button\" href=\"https:\/\/www.iq-lingua.de\/deutsch-lernen\/duzen-oder-siezen\/\" style=\"padding-top:0px;padding-bottom:0px\">Duzen oder siezen?<\/a><\/div>\n\n\n\n<div class=\"wp-block-button is-style-outline is-style-outline--61\"><a class=\"wp-block-button__link has-contrast-2-color has-base-background-color has-text-color has-background has-link-color wp-element-button\" href=\"https:\/\/www.iq-lingua.de\/deutsch-lernen\/dehnungs-e\/\" style=\"padding-top:0px;padding-bottom:0px\">Dehnungs-E<\/a><\/div>\n\n\n\n<div class=\"wp-block-button is-style-outline is-style-outline--62\"><a class=\"wp-block-button__link has-contrast-2-color has-base-background-color has-text-color has-background has-link-color wp-element-button\" href=\"https:\/\/www.iq-lingua.de\/deutsch-lernen\/dehnungs-h\/\" style=\"padding-top:0px;padding-bottom:0px\">Dehnungs-H<\/a><\/div>\n\n\n\n<div class=\"wp-block-button is-style-outline is-style-outline--63\"><a class=\"wp-block-button__link has-contrast-2-color has-base-background-color has-text-color has-background has-link-color wp-element-button\" href=\"https:\/\/www.iq-lingua.de\/deutsch-lernen\/falsche-freunde\/\" style=\"padding-top:0px;padding-bottom:0px\">Falsche Freunde im Deutschen<\/a><\/div>\n\n\n\n<div class=\"wp-block-button is-style-outline is-style-outline--64\"><a class=\"wp-block-button__link has-contrast-2-color has-base-background-color has-text-color has-background has-link-color wp-element-button\" href=\"https:\/\/www.iq-lingua.de\/deutsch-lernen\/wichtige-deutsche-woerter\/\" style=\"padding-top:0px;padding-bottom:0px\">65 wichtige deutsche W\u00f6rter<\/a><\/div>\n\n\n\n<div class=\"wp-block-button is-style-outline is-style-outline--65\"><a class=\"wp-block-button__link has-contrast-2-color has-base-background-color has-text-color has-background has-link-color wp-element-button\" href=\"https:\/\/www.iq-lingua.de\/deutsch-lernen\/deutsche-dialekte\/\" style=\"padding-top:0px;padding-bottom:0px\">Deutsche Dialekte<\/a><\/div>\n\n\n\n<div class=\"wp-block-button is-style-outline is-style-outline--66\"><a class=\"wp-block-button__link has-contrast-2-color has-base-background-color has-text-color has-background has-link-color wp-element-button\" href=\"https:\/\/www.iq-lingua.de\/deutsch-lernen\/ironie\/\" style=\"padding-top:0px;padding-bottom:0px\">Ironie<\/a><\/div>\n\n\n\n<div class=\"wp-block-button is-style-outline is-style-outline--67\"><a class=\"wp-block-button__link has-contrast-2-color has-base-background-color has-text-color has-background has-link-color wp-element-button\" href=\"https:\/\/www.iq-lingua.de\/deutsch-lernen\/sarkasmus\/\" style=\"padding-top:0px;padding-bottom:0px\">Sarkasmus<\/a><\/div>\n\n\n\n<div class=\"wp-block-button is-style-outline is-style-outline--68\"><a class=\"wp-block-button__link has-contrast-2-color has-base-background-color has-text-color has-background has-link-color wp-element-button\" href=\"https:\/\/www.iq-lingua.de\/deutsch-lernen\/paradoxon\/\" style=\"padding-top:0px;padding-bottom:0px\">Paradoxon<\/a><\/div>\n\n\n\n<div class=\"wp-block-button is-style-outline is-style-outline--69\"><a class=\"wp-block-button__link has-contrast-2-color has-base-background-color has-text-color has-background has-link-color wp-element-button\" href=\"https:\/\/www.iq-lingua.de\/deutsch-lernen\/10-tipps-deutsche-grammatik-lernen\/\" style=\"padding-top:0px;padding-bottom:0px\">10 Tipps zum Grammatik lernen<\/a><\/div>\n\n\n\n<div class=\"wp-block-button is-style-outline is-style-outline--70\"><a class=\"wp-block-button__link has-contrast-2-color has-base-background-color has-text-color has-background has-link-color wp-element-button\" href=\"https:\/\/www.iq-lingua.de\/deutsch-lernen\/10-haeufige-rechtschreibfehler-im-deutschen\/\" style=\"padding-top:0px;padding-bottom:0px\">10 h\u00e4ufige Rechtschreibfehler<\/a><\/div>\n\n\n\n<div class=\"wp-block-button is-style-outline is-style-outline--71\"><a class=\"wp-block-button__link has-contrast-2-color has-base-background-color has-text-color has-background has-link-color wp-element-button\" href=\"https:\/\/www.iq-lingua.de\/deutsch-lernen\/10-haeufige-grammatikfehler-im-deutschen\/\" style=\"padding-top:0px;padding-bottom:0px\">10 h\u00e4ufige Grammatikfehler<\/a><\/div>\n\n\n\n<div class=\"wp-block-button is-style-outline is-style-outline--72\"><a class=\"wp-block-button__link has-contrast-2-color has-base-background-color has-text-color has-background has-link-color wp-element-button\" href=\"https:\/\/www.iq-lingua.de\/deutsch-lernen\/deutsche-abkuerzungen\/\" style=\"padding-top:0px;padding-bottom:0px\">Deutsche Abk\u00fcrzungen<\/a><\/div>\n\n\n\n<div class=\"wp-block-button is-style-outline is-style-outline--73\"><a class=\"wp-block-button__link has-contrast-2-color has-base-background-color has-text-color has-background has-link-color wp-element-button\" href=\"https:\/\/www.iq-lingua.de\/deutsch-lernen\/verben-mit-praepositionen\/\" style=\"padding-top:0px;padding-bottom:0px\">50 Verben mit Pr\u00e4positionen<\/a><\/div>\n<\/div>\n<\/div>\n\n\n\n<div class=\"wp-block-column is-layout-flow wp-block-column-is-layout-flow\">\n<div class=\"wp-block-buttons is-vertical is-content-justification-center is-layout-flex wp-container-core-buttons-is-layout-4654d42b wp-block-buttons-is-layout-flex\" style=\"padding-right:0;padding-left:0\">\n<div class=\"wp-block-button is-style-outline is-style-outline--74\"><a class=\"wp-block-button__link has-contrast-2-color has-base-background-color has-text-color has-background has-link-color wp-element-button\" href=\"https:\/\/www.iq-lingua.de\/deutsch-lernen\/haeufige-adjektive-im-deutschen\/\" style=\"padding-top:0px;padding-bottom:0px\">50 h\u00e4ufige Adjektive im Deutschen<\/a><\/div>\n\n\n\n<div class=\"wp-block-button is-style-outline is-style-outline--75\"><a class=\"wp-block-button__link has-contrast-2-color has-base-background-color has-text-color has-background has-link-color wp-element-button\" href=\"https:\/\/www.iq-lingua.de\/deutsch-lernen\/s-oder-ss\/\" style=\"padding-top:0px;padding-bottom:0px\">s, ss oder \u00df?<\/a><\/div>\n\n\n\n<div class=\"wp-block-button is-style-outline is-style-outline--76\"><a class=\"wp-block-button__link has-contrast-2-color has-base-background-color has-text-color has-background has-link-color wp-element-button\" href=\"https:\/\/www.iq-lingua.de\/deutsch-lernen\/unterschied-das-und-dass\/\" style=\"padding-top:0px;padding-bottom:0px\">dass oder das?<\/a><\/div>\n\n\n\n<div class=\"wp-block-button is-style-outline is-style-outline--77\"><a class=\"wp-block-button__link has-contrast-2-color has-base-background-color has-text-color has-background has-link-color wp-element-button\" href=\"https:\/\/www.iq-lingua.de\/deutsch-lernen\/seit-oder-seid\/\" style=\"padding-top:0px;padding-bottom:0px\">seit oder seid?<\/a><\/div>\n\n\n\n<div class=\"wp-block-button is-style-outline is-style-outline--78\"><a class=\"wp-block-button__link has-contrast-2-color has-base-background-color has-text-color has-background has-link-color wp-element-button\" href=\"https:\/\/www.iq-lingua.de\/deutsch-lernen\/wart-oder-ward\/\" style=\"padding-top:0px;padding-bottom:0px\">wart oder ward?<\/a><\/div>\n\n\n\n<div class=\"wp-block-button is-style-outline is-style-outline--79\"><a class=\"wp-block-button__link has-contrast-2-color has-base-background-color has-text-color has-background has-link-color wp-element-button\" href=\"https:\/\/www.iq-lingua.de\/deutsch-lernen\/als-oder-wie\/\" style=\"padding-top:0px;padding-bottom:0px\">als oder wie?<\/a><\/div>\n\n\n\n<div class=\"wp-block-button is-style-outline is-style-outline--80\"><a class=\"wp-block-button__link has-contrast-2-color has-base-background-color has-text-color has-background has-link-color wp-element-button\" href=\"https:\/\/www.iq-lingua.de\/deutsch-lernen\/aufwendig-oder-aufwaendig\/\" style=\"padding-top:0px;padding-bottom:0px\">aufwendig oder aufw\u00e4ndig?<\/a><\/div>\n\n\n\n<div class=\"wp-block-button is-style-outline is-style-outline--81\"><a class=\"wp-block-button__link has-contrast-2-color has-base-background-color has-text-color has-background has-link-color wp-element-button\" href=\"https:\/\/www.iq-lingua.de\/deutsch-lernen\/ausversehen-oder-aus-versehen\/\" style=\"padding-top:0px;padding-bottom:0px\">ausversehen oder aus Versehen?<\/a><\/div>\n\n\n\n<div class=\"wp-block-button is-style-outline is-style-outline--82\"><a class=\"wp-block-button__link has-contrast-2-color has-base-background-color has-text-color has-background has-link-color wp-element-button\" href=\"https:\/\/www.iq-lingua.de\/deutsch-lernen\/an-hand-oder-anhand\/\" style=\"padding-top:0px;padding-bottom:0px\">an hand oder anhand?<\/a><\/div>\n\n\n\n<div class=\"wp-block-button is-style-outline is-style-outline--83\"><a class=\"wp-block-button__link has-contrast-2-color has-base-background-color has-text-color has-background has-link-color wp-element-button\" href=\"https:\/\/www.iq-lingua.de\/deutsch-lernen\/auf-grund-oder-aufgrund\/\" style=\"padding-top:0px;padding-bottom:0px\">auf grund oder aufgrund?<\/a><\/div>\n\n\n\n<div class=\"wp-block-button is-style-outline is-style-outline--84\"><a class=\"wp-block-button__link has-contrast-2-color has-base-background-color has-text-color has-background has-link-color wp-element-button\" href=\"https:\/\/www.iq-lingua.de\/deutsch-lernen\/dasselbe-oder-das-gleiche\/\" style=\"padding-top:0px;padding-bottom:0px\">dasselbe oder das Gleiche?<\/a><\/div>\n\n\n\n<div class=\"wp-block-button is-style-outline is-style-outline--85\"><a class=\"wp-block-button__link has-contrast-2-color has-base-background-color has-text-color has-background has-link-color wp-element-button\" href=\"https:\/\/www.iq-lingua.de\/deutsch-lernen\/dasselbe-oder-das-selbe\/\" style=\"padding-top:0px;padding-bottom:0px\">dasselbe oder das selbe?<\/a><\/div>\n\n\n\n<div class=\"wp-block-button is-style-outline is-style-outline--86\"><a class=\"wp-block-button__link has-contrast-2-color has-base-background-color has-text-color has-background has-link-color wp-element-button\" href=\"https:\/\/www.iq-lingua.de\/deutsch-lernen\/einzige-oder-einzigste\/\" style=\"padding-top:0px;padding-bottom:0px\">einzige oder einzigste?<\/a><\/div>\n\n\n\n<div class=\"wp-block-button is-style-outline is-style-outline--87\"><a class=\"wp-block-button__link has-contrast-2-color has-base-background-color has-text-color has-background has-link-color wp-element-button\" href=\"https:\/\/www.iq-lingua.de\/deutsch-lernen\/indem-oder-in-dem\/\" style=\"padding-top:0px;padding-bottom:0px\">indem oder in dem?<\/a><\/div>\n\n\n\n<div class=\"wp-block-button is-style-outline is-style-outline--88\"><a class=\"wp-block-button__link has-contrast-2-color has-base-background-color has-text-color has-background has-link-color wp-element-button\" href=\"https:\/\/www.iq-lingua.de\/deutsch-lernen\/selbstaendig-oder-selbststaendig\/\" style=\"padding-top:0px;padding-bottom:0px\">selbst\u00e4ndig oder selbstst\u00e4ndig?<\/a><\/div>\n\n\n\n<div class=\"wp-block-button is-style-outline is-style-outline--89\"><a class=\"wp-block-button__link has-contrast-2-color has-base-background-color has-text-color has-background has-link-color wp-element-button\" href=\"https:\/\/www.iq-lingua.de\/deutsch-lernen\/separat-oder-seperat\/\" style=\"padding-top:0px;padding-bottom:0px\">separat oder seperat?<\/a><\/div>\n\n\n\n<div class=\"wp-block-button is-style-outline is-style-outline--90\"><a class=\"wp-block-button__link has-contrast-2-color has-base-background-color has-text-color has-background has-link-color wp-element-button\" href=\"https:\/\/www.iq-lingua.de\/deutsch-lernen\/garnicht-oder-gar-nicht\/\" style=\"padding-top:0px;padding-bottom:0px\">garnicht oder gar nicht?<\/a><\/div>\n\n\n\n<div class=\"wp-block-button is-style-outline is-style-outline--91\"><a class=\"wp-block-button__link has-contrast-2-color has-base-background-color has-text-color has-background has-link-color wp-element-button\" href=\"https:\/\/www.iq-lingua.de\/deutsch-lernen\/gucken-oder-kucken\/\" style=\"padding-top:0px;padding-bottom:0px\">gucken oder kucken?<\/a><\/div>\n\n\n\n<div class=\"wp-block-button is-style-outline is-style-outline--92\"><a class=\"wp-block-button__link has-contrast-2-color has-base-background-color has-text-color has-background has-link-color wp-element-button\" href=\"https:\/\/www.iq-lingua.de\/deutsch-lernen\/mithilfe-oder-mit-hilfe\/\" style=\"padding-top:0px;padding-bottom:0px\">mithilfe oder mit Hilfe?<\/a><\/div>\n\n\n\n<div class=\"wp-block-button is-style-outline is-style-outline--93\"><a class=\"wp-block-button__link has-contrast-2-color has-base-background-color has-text-color has-background has-link-color wp-element-button\" href=\"https:\/\/www.iq-lingua.de\/deutsch-lernen\/phantasie-oder-fantasie\/\" style=\"padding-top:0px;padding-bottom:0px\">Phantasie oder Fantasie?<\/a><\/div>\n\n\n\n<div class=\"wp-block-button is-style-outline is-style-outline--94\"><a class=\"wp-block-button__link has-contrast-2-color has-base-background-color has-text-color has-background has-link-color wp-element-button\" href=\"https:\/\/www.iq-lingua.de\/deutsch-lernen\/schonmal-oder-schon-mal\/\" style=\"padding-top:0px;padding-bottom:0px\">schonmal oder schon mal?<\/a><\/div>\n\n\n\n<div class=\"wp-block-button is-style-outline is-style-outline--95\"><a class=\"wp-block-button__link has-contrast-2-color has-base-background-color has-text-color has-background has-link-color wp-element-button\" href=\"https:\/\/www.iq-lingua.de\/deutsch-lernen\/soweit-oder-so-weit\/\" style=\"padding-top:0px;padding-bottom:0px\">soweit oder so weit?<\/a><\/div>\n\n\n\n<div class=\"wp-block-button is-style-outline is-style-outline--96\"><a class=\"wp-block-button__link has-contrast-2-color has-base-background-color has-text-color has-background has-link-color wp-element-button\" href=\"https:\/\/www.iq-lingua.de\/deutsch-lernen\/wen-oder-wenn\/\" style=\"padding-top:0px;padding-bottom:0px\">wen oder wenn?<\/a><\/div>\n\n\n\n<div class=\"wp-block-button is-style-outline is-style-outline--97\"><a class=\"wp-block-button__link has-contrast-2-color has-base-background-color has-text-color has-background has-link-color wp-element-button\" href=\"https:\/\/www.iq-lingua.de\/deutsch-lernen\/widerspiegeln-oder-wiederspiegeln\/\" style=\"padding-top:0px;padding-bottom:0px\">widerspiegeln oder wiederspiegeln?<\/a><\/div>\n\n\n\n<div class=\"wp-block-button is-style-outline is-style-outline--98\"><a class=\"wp-block-button__link has-contrast-2-color has-base-background-color has-text-color has-background has-link-color wp-element-button\" href=\"https:\/\/www.iq-lingua.de\/deutsch-lernen\/wieder-oder-wider\/\" style=\"padding-top:0px;padding-bottom:0px\">wieder oder wider?<\/a><\/div>\n\n\n\n<div class=\"wp-block-button is-style-outline is-style-outline--99\"><a class=\"wp-block-button__link has-contrast-2-color has-base-background-color has-text-color has-background has-link-color wp-element-button\" href=\"https:\/\/www.iq-lingua.de\/deutsch-lernen\/wieviel-oder-wie-viel\/\" style=\"padding-top:0px;padding-bottom:0px\">wieviel oder wie viel?<\/a><\/div>\n\n\n\n<div class=\"wp-block-button is-style-outline is-style-outline--100\"><a class=\"wp-block-button__link has-contrast-2-color has-base-background-color has-text-color has-background has-link-color wp-element-button\" href=\"https:\/\/www.iq-lingua.de\/deutsch-lernen\/zuende-oder-zu-ende\/\" style=\"padding-top:0px;padding-bottom:0px\">zuende oder zu Ende?<\/a><\/div>\n\n\n\n<div class=\"wp-block-button is-style-outline is-style-outline--101\"><a class=\"wp-block-button__link has-contrast-2-color has-base-background-color has-text-color has-background has-link-color wp-element-button\" href=\"https:\/\/www.iq-lingua.de\/deutsch-lernen\/zuende-oder-zu-ende\/\" style=\"padding-top:0px;padding-bottom:0px\">zuende oder zu Ende?<\/a><\/div>\n\n\n\n<div class=\"wp-block-button is-style-outline is-style-outline--102\"><a class=\"wp-block-button__link has-contrast-2-color has-base-background-color has-text-color has-background has-link-color wp-element-button\" href=\"https:\/\/www.iq-lingua.de\/deutsch-lernen\/zuhause-oder-zu-hause\/\" style=\"padding-top:0px;padding-bottom:0px\">zuhause oder zu Hause?<\/a><\/div>\n\n\n\n<div class=\"wp-block-button is-style-outline is-style-outline--103\"><a class=\"wp-block-button__link has-contrast-2-color has-base-background-color has-text-color has-background has-link-color wp-element-button\" href=\"https:\/\/www.iq-lingua.de\/deutsch-lernen\/zuviel-oder-zu-viel\/\" style=\"padding-top:0px;padding-bottom:0px\">zuviel oder zu viel?<\/a><\/div>\n\n\n\n<div class=\"wp-block-button is-style-outline is-style-outline--104\"><a class=\"wp-block-button__link has-contrast-2-color has-base-background-color has-text-color has-background has-link-color wp-element-button\" href=\"https:\/\/www.iq-lingua.de\/deutsch-lernen\/zurzeit-oder-zur-zeit\/\" style=\"padding-top:0px;padding-bottom:0px\">Zurzeit oder zur Zeit?<\/a><\/div>\n\n\n\n<div class=\"wp-block-button is-style-outline is-style-outline--105\"><a class=\"wp-block-button__link has-contrast-2-color has-base-background-color has-text-color has-background has-link-color wp-element-button\" href=\"https:\/\/www.iq-lingua.de\/deutsch-lernen\/deutsche-zahlen-ausschreiben\/\" style=\"padding-top:0px;padding-bottom:0px\">Deutsche Zahlen ausschreiben<\/a><\/div>\n\n\n\n<div class=\"wp-block-button is-style-outline is-style-outline--106\"><a class=\"wp-block-button__link has-contrast-2-color has-base-background-color has-text-color has-background has-link-color wp-element-button\" href=\"https:\/\/www.iq-lingua.de\/deutsch-lernen\/ordinalzahlen\/\" style=\"padding-top:0px;padding-bottom:0px\">Deutsche Ordinalzahlen<\/a><\/div>\n\n\n\n<div class=\"wp-block-button is-style-outline is-style-outline--107\"><a class=\"wp-block-button__link has-contrast-2-color has-base-background-color has-text-color has-background has-link-color wp-element-button\" href=\"https:\/\/www.iq-lingua.de\/deutsch-lernen\/des-weiteren-schreibweise\/\" style=\"padding-top:0px;padding-bottom:0px\">Schreibweise von &#8220;des Weiteren&#8221;<\/a><\/div>\n<\/div>\n<\/div>\n<\/div>\n<\/div>\n","protected":false},"excerpt":{"rendered":"<p>In diesem Artikel erf\u00e4hrst du alles Wissenswerte zu den Metaphern im Deutschen. Was ist eine Metapher? Wie bestimmte ich eine Metapher? Was ist die Wirkung der Metapher? Und inwiefern unterscheidet sich die Metapher von anderen rhetorischen Stilmitteln wie der Allegorie, Personifikation oder der Metonymie?<\/p>\n","protected":false},"author":6,"featured_media":0,"comment_status":"open","ping_status":"open","sticky":false,"template":"","format":"standard","meta":{"footnotes":""},"categories":[74],"tags":[],"class_list":["post-8231","post","type-post","status-publish","format-standard","hentry","category-rhetorische-mittel"],"yoast_head":"<!-- This site is optimized with the Yoast SEO plugin v27.4 - https:\/\/yoast.com\/product\/yoast-seo-wordpress\/ -->\n<title>Metapher einfach erkl\u00e4rt \u2013 Bedeutung, Beispiele &amp; \u00dcbungen<\/title>\n<meta name=\"description\" content=\"Was ist eine Metapher? \u2705 Bedeutung &amp; Definition \u2705 Sprachliche Bilder im Alltag: Beispiele &amp; Liste \u2705 Wirkung &amp; Funktion \u2705 Kostenlos Deutsch lernen\" \/>\n<meta name=\"robots\" content=\"index, follow, max-snippet:-1, max-image-preview:large, max-video-preview:-1\" \/>\n<link rel=\"canonical\" href=\"https:\/\/www.iq-lingua.de\/deutsch-lernen\/metapher\/\" \/>\n<meta property=\"og:locale\" content=\"en_US\" \/>\n<meta property=\"og:type\" content=\"article\" \/>\n<meta property=\"og:title\" content=\"Metapher einfach erkl\u00e4rt \u2013 Bedeutung, Beispiele &amp; \u00dcbungen\" \/>\n<meta property=\"og:description\" content=\"Was ist eine Metapher? \u2705 Bedeutung &amp; Definition \u2705 Sprachliche Bilder im Alltag: Beispiele &amp; Liste \u2705 Wirkung &amp; Funktion \u2705 Kostenlos Deutsch lernen\" \/>\n<meta property=\"og:url\" content=\"https:\/\/www.iq-lingua.de\/deutsch-lernen\/metapher\/\" \/>\n<meta property=\"og:site_name\" content=\"Einfach Deutsch lernen mit iQ Lingua\" \/>\n<meta property=\"article:published_time\" content=\"2026-03-07T07:00:00+00:00\" \/>\n<meta property=\"og:image\" content=\"https:\/\/www.iq-lingua.de\/deutsch-lernen\/wp-content\/uploads\/2024\/10\/icon-info.png\" \/>\n<meta name=\"author\" content=\"iQ Lingua Sprachschule\" \/>\n<meta name=\"twitter:card\" content=\"summary_large_image\" \/>\n<meta name=\"twitter:label1\" content=\"Written by\" \/>\n\t<meta name=\"twitter:data1\" content=\"iQ Lingua Sprachschule\" \/>\n\t<meta name=\"twitter:label2\" content=\"Est. reading time\" \/>\n\t<meta name=\"twitter:data2\" content=\"7 minutes\" \/>\n<script type=\"application\/ld+json\" class=\"yoast-schema-graph\">{\"@context\":\"https:\\\/\\\/schema.org\",\"@graph\":[{\"@type\":\"Article\",\"@id\":\"https:\\\/\\\/www.iq-lingua.de\\\/deutsch-lernen\\\/metapher\\\/#article\",\"isPartOf\":{\"@id\":\"https:\\\/\\\/www.iq-lingua.de\\\/deutsch-lernen\\\/metapher\\\/\"},\"author\":{\"name\":\"iQ Lingua Sprachschule\",\"@id\":\"https:\\\/\\\/www.iq-lingua.de\\\/deutsch-lernen\\\/#\\\/schema\\\/person\\\/9f37da7207f2b89e7aa433311c81d599\"},\"headline\":\"Metapher im Deutschen\",\"datePublished\":\"2026-03-07T07:00:00+00:00\",\"mainEntityOfPage\":{\"@id\":\"https:\\\/\\\/www.iq-lingua.de\\\/deutsch-lernen\\\/metapher\\\/\"},\"wordCount\":1105,\"commentCount\":0,\"publisher\":{\"@id\":\"https:\\\/\\\/www.iq-lingua.de\\\/deutsch-lernen\\\/#organization\"},\"image\":{\"@id\":\"https:\\\/\\\/www.iq-lingua.de\\\/deutsch-lernen\\\/metapher\\\/#primaryimage\"},\"thumbnailUrl\":\"https:\\\/\\\/www.iq-lingua.de\\\/deutsch-lernen\\\/wp-content\\\/uploads\\\/2024\\\/10\\\/icon-info.png\",\"articleSection\":[\"Rhetorische Mittel\"],\"inLanguage\":\"en-US\",\"potentialAction\":[{\"@type\":\"CommentAction\",\"name\":\"Comment\",\"target\":[\"https:\\\/\\\/www.iq-lingua.de\\\/deutsch-lernen\\\/metapher\\\/#respond\"]}]},{\"@type\":\"WebPage\",\"@id\":\"https:\\\/\\\/www.iq-lingua.de\\\/deutsch-lernen\\\/metapher\\\/\",\"url\":\"https:\\\/\\\/www.iq-lingua.de\\\/deutsch-lernen\\\/metapher\\\/\",\"name\":\"Metapher einfach erkl\u00e4rt \u2013 Bedeutung, Beispiele & \u00dcbungen\",\"isPartOf\":{\"@id\":\"https:\\\/\\\/www.iq-lingua.de\\\/deutsch-lernen\\\/#website\"},\"primaryImageOfPage\":{\"@id\":\"https:\\\/\\\/www.iq-lingua.de\\\/deutsch-lernen\\\/metapher\\\/#primaryimage\"},\"image\":{\"@id\":\"https:\\\/\\\/www.iq-lingua.de\\\/deutsch-lernen\\\/metapher\\\/#primaryimage\"},\"thumbnailUrl\":\"https:\\\/\\\/www.iq-lingua.de\\\/deutsch-lernen\\\/wp-content\\\/uploads\\\/2024\\\/10\\\/icon-info.png\",\"datePublished\":\"2026-03-07T07:00:00+00:00\",\"description\":\"Was ist eine Metapher? \u2705 Bedeutung & Definition \u2705 Sprachliche Bilder im Alltag: Beispiele & Liste \u2705 Wirkung & Funktion \u2705 Kostenlos Deutsch lernen\",\"breadcrumb\":{\"@id\":\"https:\\\/\\\/www.iq-lingua.de\\\/deutsch-lernen\\\/metapher\\\/#breadcrumb\"},\"inLanguage\":\"en-US\",\"potentialAction\":[{\"@type\":\"ReadAction\",\"target\":[\"https:\\\/\\\/www.iq-lingua.de\\\/deutsch-lernen\\\/metapher\\\/\"]}]},{\"@type\":\"ImageObject\",\"inLanguage\":\"en-US\",\"@id\":\"https:\\\/\\\/www.iq-lingua.de\\\/deutsch-lernen\\\/metapher\\\/#primaryimage\",\"url\":\"https:\\\/\\\/www.iq-lingua.de\\\/deutsch-lernen\\\/wp-content\\\/uploads\\\/2024\\\/10\\\/icon-info.png\",\"contentUrl\":\"https:\\\/\\\/www.iq-lingua.de\\\/deutsch-lernen\\\/wp-content\\\/uploads\\\/2024\\\/10\\\/icon-info.png\",\"width\":60,\"height\":60,\"caption\":\"Weitere Informationen und Tipps zum Deutsch lernen\"},{\"@type\":\"BreadcrumbList\",\"@id\":\"https:\\\/\\\/www.iq-lingua.de\\\/deutsch-lernen\\\/metapher\\\/#breadcrumb\",\"itemListElement\":[{\"@type\":\"ListItem\",\"position\":1,\"name\":\"Home\",\"item\":\"https:\\\/\\\/www.iq-lingua.de\\\/deutsch-lernen\\\/\"},{\"@type\":\"ListItem\",\"position\":2,\"name\":\"Metapher im Deutschen\"}]},{\"@type\":\"WebSite\",\"@id\":\"https:\\\/\\\/www.iq-lingua.de\\\/deutsch-lernen\\\/#website\",\"url\":\"https:\\\/\\\/www.iq-lingua.de\\\/deutsch-lernen\\\/\",\"name\":\"Einfach Deutsch lernen mit iQ Lingua\",\"description\":\"\",\"publisher\":{\"@id\":\"https:\\\/\\\/www.iq-lingua.de\\\/deutsch-lernen\\\/#organization\"},\"potentialAction\":[{\"@type\":\"SearchAction\",\"target\":{\"@type\":\"EntryPoint\",\"urlTemplate\":\"https:\\\/\\\/www.iq-lingua.de\\\/deutsch-lernen\\\/?s={search_term_string}\"},\"query-input\":{\"@type\":\"PropertyValueSpecification\",\"valueRequired\":true,\"valueName\":\"search_term_string\"}}],\"inLanguage\":\"en-US\"},{\"@type\":\"Organization\",\"@id\":\"https:\\\/\\\/www.iq-lingua.de\\\/deutsch-lernen\\\/#organization\",\"name\":\"Einfach Deutsch lernen mit iQ Lingua\",\"url\":\"https:\\\/\\\/www.iq-lingua.de\\\/deutsch-lernen\\\/\",\"logo\":{\"@type\":\"ImageObject\",\"inLanguage\":\"en-US\",\"@id\":\"https:\\\/\\\/www.iq-lingua.de\\\/deutsch-lernen\\\/#\\\/schema\\\/logo\\\/image\\\/\",\"url\":\"https:\\\/\\\/www.iq-lingua.de\\\/deutsch-lernen\\\/wp-content\\\/uploads\\\/2024\\\/11\\\/logo-iq-lingua.png\",\"contentUrl\":\"https:\\\/\\\/www.iq-lingua.de\\\/deutsch-lernen\\\/wp-content\\\/uploads\\\/2024\\\/11\\\/logo-iq-lingua.png\",\"width\":378,\"height\":84,\"caption\":\"Einfach Deutsch lernen mit iQ Lingua\"},\"image\":{\"@id\":\"https:\\\/\\\/www.iq-lingua.de\\\/deutsch-lernen\\\/#\\\/schema\\\/logo\\\/image\\\/\"}},{\"@type\":\"Person\",\"@id\":\"https:\\\/\\\/www.iq-lingua.de\\\/deutsch-lernen\\\/#\\\/schema\\\/person\\\/9f37da7207f2b89e7aa433311c81d599\",\"name\":\"iQ Lingua Sprachschule\",\"image\":{\"@type\":\"ImageObject\",\"inLanguage\":\"en-US\",\"@id\":\"https:\\\/\\\/secure.gravatar.com\\\/avatar\\\/6571fd555b492f25dcc384e8441dd313992d4707a02d058555aa7842ca386935?s=96&d=mm&r=g\",\"url\":\"https:\\\/\\\/secure.gravatar.com\\\/avatar\\\/6571fd555b492f25dcc384e8441dd313992d4707a02d058555aa7842ca386935?s=96&d=mm&r=g\",\"contentUrl\":\"https:\\\/\\\/secure.gravatar.com\\\/avatar\\\/6571fd555b492f25dcc384e8441dd313992d4707a02d058555aa7842ca386935?s=96&d=mm&r=g\",\"caption\":\"iQ Lingua Sprachschule\"}}]}<\/script>\n<!-- \/ Yoast SEO plugin. -->","yoast_head_json":{"title":"Metapher einfach erkl\u00e4rt \u2013 Bedeutung, Beispiele & \u00dcbungen","description":"Was ist eine Metapher? \u2705 Bedeutung & Definition \u2705 Sprachliche Bilder im Alltag: Beispiele & Liste \u2705 Wirkung & Funktion \u2705 Kostenlos Deutsch lernen","robots":{"index":"index","follow":"follow","max-snippet":"max-snippet:-1","max-image-preview":"max-image-preview:large","max-video-preview":"max-video-preview:-1"},"canonical":"https:\/\/www.iq-lingua.de\/deutsch-lernen\/metapher\/","og_locale":"en_US","og_type":"article","og_title":"Metapher einfach erkl\u00e4rt \u2013 Bedeutung, Beispiele & \u00dcbungen","og_description":"Was ist eine Metapher? \u2705 Bedeutung & Definition \u2705 Sprachliche Bilder im Alltag: Beispiele & Liste \u2705 Wirkung & Funktion \u2705 Kostenlos Deutsch lernen","og_url":"https:\/\/www.iq-lingua.de\/deutsch-lernen\/metapher\/","og_site_name":"Einfach Deutsch lernen mit iQ Lingua","article_published_time":"2026-03-07T07:00:00+00:00","og_image":[{"url":"https:\/\/www.iq-lingua.de\/deutsch-lernen\/wp-content\/uploads\/2024\/10\/icon-info.png","type":"","width":"","height":""}],"author":"iQ Lingua Sprachschule","twitter_card":"summary_large_image","twitter_misc":{"Written by":"iQ Lingua Sprachschule","Est. reading time":"7 minutes"},"schema":{"@context":"https:\/\/schema.org","@graph":[{"@type":"Article","@id":"https:\/\/www.iq-lingua.de\/deutsch-lernen\/metapher\/#article","isPartOf":{"@id":"https:\/\/www.iq-lingua.de\/deutsch-lernen\/metapher\/"},"author":{"name":"iQ Lingua Sprachschule","@id":"https:\/\/www.iq-lingua.de\/deutsch-lernen\/#\/schema\/person\/9f37da7207f2b89e7aa433311c81d599"},"headline":"Metapher im Deutschen","datePublished":"2026-03-07T07:00:00+00:00","mainEntityOfPage":{"@id":"https:\/\/www.iq-lingua.de\/deutsch-lernen\/metapher\/"},"wordCount":1105,"commentCount":0,"publisher":{"@id":"https:\/\/www.iq-lingua.de\/deutsch-lernen\/#organization"},"image":{"@id":"https:\/\/www.iq-lingua.de\/deutsch-lernen\/metapher\/#primaryimage"},"thumbnailUrl":"https:\/\/www.iq-lingua.de\/deutsch-lernen\/wp-content\/uploads\/2024\/10\/icon-info.png","articleSection":["Rhetorische Mittel"],"inLanguage":"en-US","potentialAction":[{"@type":"CommentAction","name":"Comment","target":["https:\/\/www.iq-lingua.de\/deutsch-lernen\/metapher\/#respond"]}]},{"@type":"WebPage","@id":"https:\/\/www.iq-lingua.de\/deutsch-lernen\/metapher\/","url":"https:\/\/www.iq-lingua.de\/deutsch-lernen\/metapher\/","name":"Metapher einfach erkl\u00e4rt \u2013 Bedeutung, Beispiele & \u00dcbungen","isPartOf":{"@id":"https:\/\/www.iq-lingua.de\/deutsch-lernen\/#website"},"primaryImageOfPage":{"@id":"https:\/\/www.iq-lingua.de\/deutsch-lernen\/metapher\/#primaryimage"},"image":{"@id":"https:\/\/www.iq-lingua.de\/deutsch-lernen\/metapher\/#primaryimage"},"thumbnailUrl":"https:\/\/www.iq-lingua.de\/deutsch-lernen\/wp-content\/uploads\/2024\/10\/icon-info.png","datePublished":"2026-03-07T07:00:00+00:00","description":"Was ist eine Metapher? \u2705 Bedeutung & Definition \u2705 Sprachliche Bilder im Alltag: Beispiele & Liste \u2705 Wirkung & Funktion \u2705 Kostenlos Deutsch lernen","breadcrumb":{"@id":"https:\/\/www.iq-lingua.de\/deutsch-lernen\/metapher\/#breadcrumb"},"inLanguage":"en-US","potentialAction":[{"@type":"ReadAction","target":["https:\/\/www.iq-lingua.de\/deutsch-lernen\/metapher\/"]}]},{"@type":"ImageObject","inLanguage":"en-US","@id":"https:\/\/www.iq-lingua.de\/deutsch-lernen\/metapher\/#primaryimage","url":"https:\/\/www.iq-lingua.de\/deutsch-lernen\/wp-content\/uploads\/2024\/10\/icon-info.png","contentUrl":"https:\/\/www.iq-lingua.de\/deutsch-lernen\/wp-content\/uploads\/2024\/10\/icon-info.png","width":60,"height":60,"caption":"Weitere Informationen und Tipps zum Deutsch lernen"},{"@type":"BreadcrumbList","@id":"https:\/\/www.iq-lingua.de\/deutsch-lernen\/metapher\/#breadcrumb","itemListElement":[{"@type":"ListItem","position":1,"name":"Home","item":"https:\/\/www.iq-lingua.de\/deutsch-lernen\/"},{"@type":"ListItem","position":2,"name":"Metapher im Deutschen"}]},{"@type":"WebSite","@id":"https:\/\/www.iq-lingua.de\/deutsch-lernen\/#website","url":"https:\/\/www.iq-lingua.de\/deutsch-lernen\/","name":"Einfach Deutsch lernen mit iQ Lingua","description":"","publisher":{"@id":"https:\/\/www.iq-lingua.de\/deutsch-lernen\/#organization"},"potentialAction":[{"@type":"SearchAction","target":{"@type":"EntryPoint","urlTemplate":"https:\/\/www.iq-lingua.de\/deutsch-lernen\/?s={search_term_string}"},"query-input":{"@type":"PropertyValueSpecification","valueRequired":true,"valueName":"search_term_string"}}],"inLanguage":"en-US"},{"@type":"Organization","@id":"https:\/\/www.iq-lingua.de\/deutsch-lernen\/#organization","name":"Einfach Deutsch lernen mit iQ Lingua","url":"https:\/\/www.iq-lingua.de\/deutsch-lernen\/","logo":{"@type":"ImageObject","inLanguage":"en-US","@id":"https:\/\/www.iq-lingua.de\/deutsch-lernen\/#\/schema\/logo\/image\/","url":"https:\/\/www.iq-lingua.de\/deutsch-lernen\/wp-content\/uploads\/2024\/11\/logo-iq-lingua.png","contentUrl":"https:\/\/www.iq-lingua.de\/deutsch-lernen\/wp-content\/uploads\/2024\/11\/logo-iq-lingua.png","width":378,"height":84,"caption":"Einfach Deutsch lernen mit iQ Lingua"},"image":{"@id":"https:\/\/www.iq-lingua.de\/deutsch-lernen\/#\/schema\/logo\/image\/"}},{"@type":"Person","@id":"https:\/\/www.iq-lingua.de\/deutsch-lernen\/#\/schema\/person\/9f37da7207f2b89e7aa433311c81d599","name":"iQ Lingua Sprachschule","image":{"@type":"ImageObject","inLanguage":"en-US","@id":"https:\/\/secure.gravatar.com\/avatar\/6571fd555b492f25dcc384e8441dd313992d4707a02d058555aa7842ca386935?s=96&d=mm&r=g","url":"https:\/\/secure.gravatar.com\/avatar\/6571fd555b492f25dcc384e8441dd313992d4707a02d058555aa7842ca386935?s=96&d=mm&r=g","contentUrl":"https:\/\/secure.gravatar.com\/avatar\/6571fd555b492f25dcc384e8441dd313992d4707a02d058555aa7842ca386935?s=96&d=mm&r=g","caption":"iQ Lingua Sprachschule"}}]}},"_links":{"self":[{"href":"https:\/\/www.iq-lingua.de\/deutsch-lernen\/wp-json\/wp\/v2\/posts\/8231","targetHints":{"allow":["GET"]}}],"collection":[{"href":"https:\/\/www.iq-lingua.de\/deutsch-lernen\/wp-json\/wp\/v2\/posts"}],"about":[{"href":"https:\/\/www.iq-lingua.de\/deutsch-lernen\/wp-json\/wp\/v2\/types\/post"}],"author":[{"embeddable":true,"href":"https:\/\/www.iq-lingua.de\/deutsch-lernen\/wp-json\/wp\/v2\/users\/6"}],"replies":[{"embeddable":true,"href":"https:\/\/www.iq-lingua.de\/deutsch-lernen\/wp-json\/wp\/v2\/comments?post=8231"}],"version-history":[{"count":59,"href":"https:\/\/www.iq-lingua.de\/deutsch-lernen\/wp-json\/wp\/v2\/posts\/8231\/revisions"}],"predecessor-version":[{"id":8389,"href":"https:\/\/www.iq-lingua.de\/deutsch-lernen\/wp-json\/wp\/v2\/posts\/8231\/revisions\/8389"}],"wp:attachment":[{"href":"https:\/\/www.iq-lingua.de\/deutsch-lernen\/wp-json\/wp\/v2\/media?parent=8231"}],"wp:term":[{"taxonomy":"category","embeddable":true,"href":"https:\/\/www.iq-lingua.de\/deutsch-lernen\/wp-json\/wp\/v2\/categories?post=8231"},{"taxonomy":"post_tag","embeddable":true,"href":"https:\/\/www.iq-lingua.de\/deutsch-lernen\/wp-json\/wp\/v2\/tags?post=8231"}],"curies":[{"name":"wp","href":"https:\/\/api.w.org\/{rel}","templated":true}]}}